
{"id":37748,"date":"2025-05-14T21:35:31","date_gmt":"2025-05-14T19:35:31","guid":{"rendered":"https:\/\/przedszkole61.edu.wroclaw.pl\/?p=37748"},"modified":"2025-06-05T21:07:58","modified_gmt":"2025-06-05T19:07:58","slug":"wycieczka-do-zagrody-edukacyjnej-kruczyna-3","status":"publish","type":"post","link":"https:\/\/przedszkole61.edu.wroclaw.pl\/index.php\/2025\/05\/14\/wycieczka-do-zagrody-edukacyjnej-kruczyna-3\/","title":{"rendered":"Wycieczka do Zagrody Edukacyjnej &#8211; Kruczyna"},"content":{"rendered":"<p><strong>14 maja 2025 <\/strong>Gajowickie Skrzaty odwiedzi\u0142y zagrod\u0119 edukacyjn\u0105 \u2013 Kruczyna. Podczas spaceru po lesie, s\u0142ucha\u0142y \u015bpiewu ptak\u00f3w, podziwia\u0142y r\u00f3\u017cnorodne gatunki drzew, bogat\u0105 ro\u015blinno\u015b\u0107 oraz zdobywa\u0142y wiedz\u0119 na temat \u017cycia mieszka\u0144c\u00f3w lasu. Zwiedzi\u0142y te\u017c zagrod\u0119 z wiejskimi zwierz\u0119tami oraz uczestniczy\u0142y w warsztatach plastycznych. By\u0142 czas na zabawy swobodne, gry ruchowe, zabawy w kuchni b\u0142otnej oraz piknik. <strong>To by\u0142 wspania\u0142y dzie\u0144!<\/strong><\/p>\n<p>&nbsp;<\/p>\n<div id='pe-gallery-1' class='pe-gallery pe-gallery-37748 columns-3 img-size-medium'><div class='pe-row'><div class='col-md-4'><figure tabindex='0' class='pe-gallery-item pe-gallery-modal' data-mfp-src='#modal-gallery-1-37752'><div class='pe-gallery-image portrait'>\r\n\t\t\t\t\t\t\t<img loading=\"lazy\" decoding=\"async\" width=\"225\" height=\"300\" src=\"https:\/\/przedszkole61.edu.wroclaw.pl\/wp-content\/uploads\/sites\/58\/2025\/05\/2-5-225x300.jpg\" class=\"attachment-medium size-medium\" alt=\"\" data-no-retina=\"\" srcset=\"https:\/\/przedszkole61.edu.wroclaw.pl\/wp-content\/uploads\/sites\/58\/2025\/05\/2-5-225x300.jpg 225w, https:\/\/przedszkole61.edu.wroclaw.pl\/wp-content\/uploads\/sites\/58\/2025\/05\/2-5.jpg 675w\" sizes=\"auto, (max-width: 225px) 100vw, 225px\" \/>\r\n\t\t\t\t\t\t<\/div><\/figure><div id='modal-gallery-1-37752' class='mfp-modal-content mfp-hide' tabindex='-1' role='dialog' aria-labelledby='gallery-1-37752' style='max-width: 675px;><h4 id='gallery-1-37752'>2<\/h4><div class='pe-gallery-full-image'><a href=\"https:\/\/przedszkole61.edu.wroclaw.pl\/wp-content\/uploads\/sites\/58\/2025\/05\/2-5.jpg\"><img loading=\"lazy\" decoding=\"async\" width=\"675\" height=\"900\" src=\"https:\/\/przedszkole61.edu.wroclaw.pl\/wp-content\/uploads\/sites\/58\/2025\/05\/2-5.jpg\" class=\"attachment-full size-full\" alt=\"\" data-no-retina=\"\" srcset=\"https:\/\/przedszkole61.edu.wroclaw.pl\/wp-content\/uploads\/sites\/58\/2025\/05\/2-5.jpg 675w, https:\/\/przedszkole61.edu.wroclaw.pl\/wp-content\/uploads\/sites\/58\/2025\/05\/2-5-225x300.jpg 225w\" sizes=\"auto, (max-width: 675px) 100vw, 675px\" \/><\/a><\/div><p><\/p><\/div><\/div><div class='col-md-4'><figure tabindex='0' class='pe-gallery-item pe-gallery-modal' data-mfp-src='#modal-gallery-1-37749'><div class='pe-gallery-image portrait'>\r\n\t\t\t\t\t\t\t<img loading=\"lazy\" decoding=\"async\" width=\"225\" height=\"300\" src=\"https:\/\/przedszkole61.edu.wroclaw.pl\/wp-content\/uploads\/sites\/58\/2025\/05\/0-1-225x300.jpg\" class=\"attachment-medium size-medium\" alt=\"\" data-no-retina=\"\" srcset=\"https:\/\/przedszkole61.edu.wroclaw.pl\/wp-content\/uploads\/sites\/58\/2025\/05\/0-1-225x300.jpg 225w, https:\/\/przedszkole61.edu.wroclaw.pl\/wp-content\/uploads\/sites\/58\/2025\/05\/0-1.jpg 675w\" sizes=\"auto, (max-width: 225px) 100vw, 225px\" \/>\r\n\t\t\t\t\t\t<\/div><\/figure><div id='modal-gallery-1-37749' class='mfp-modal-content mfp-hide' tabindex='-1' role='dialog' aria-labelledby='gallery-1-37749' style='max-width: 675px;><h4 id='gallery-1-37749'>0<\/h4><div class='pe-gallery-full-image'><a href=\"https:\/\/przedszkole61.edu.wroclaw.pl\/wp-content\/uploads\/sites\/58\/2025\/05\/0-1.jpg\"><img loading=\"lazy\" decoding=\"async\" width=\"675\" height=\"900\" src=\"https:\/\/przedszkole61.edu.wroclaw.pl\/wp-content\/uploads\/sites\/58\/2025\/05\/0-1.jpg\" class=\"attachment-full size-full\" alt=\"\" data-no-retina=\"\" srcset=\"https:\/\/przedszkole61.edu.wroclaw.pl\/wp-content\/uploads\/sites\/58\/2025\/05\/0-1.jpg 675w, https:\/\/przedszkole61.edu.wroclaw.pl\/wp-content\/uploads\/sites\/58\/2025\/05\/0-1-225x300.jpg 225w\" sizes=\"auto, (max-width: 675px) 100vw, 675px\" \/><\/a><\/div><p><\/p><\/div><\/div><div class='col-md-4'><figure tabindex='0' class='pe-gallery-item pe-gallery-modal' data-mfp-src='#modal-gallery-1-37758'><div class='pe-gallery-image portrait'>\r\n\t\t\t\t\t\t\t<img loading=\"lazy\" decoding=\"async\" width=\"225\" height=\"300\" src=\"https:\/\/przedszkole61.edu.wroclaw.pl\/wp-content\/uploads\/sites\/58\/2025\/05\/06-225x300.jpg\" class=\"attachment-medium size-medium\" alt=\"\" data-no-retina=\"\" srcset=\"https:\/\/przedszkole61.edu.wroclaw.pl\/wp-content\/uploads\/sites\/58\/2025\/05\/06-225x300.jpg 225w, https:\/\/przedszkole61.edu.wroclaw.pl\/wp-content\/uploads\/sites\/58\/2025\/05\/06.jpg 675w\" sizes=\"auto, (max-width: 225px) 100vw, 225px\" \/>\r\n\t\t\t\t\t\t<\/div><\/figure><div id='modal-gallery-1-37758' class='mfp-modal-content mfp-hide' tabindex='-1' role='dialog' aria-labelledby='gallery-1-37758' style='max-width: 675px;><h4 id='gallery-1-37758'>06<\/h4><div class='pe-gallery-full-image'><a href=\"https:\/\/przedszkole61.edu.wroclaw.pl\/wp-content\/uploads\/sites\/58\/2025\/05\/06.jpg\"><img loading=\"lazy\" decoding=\"async\" width=\"675\" height=\"900\" src=\"https:\/\/przedszkole61.edu.wroclaw.pl\/wp-content\/uploads\/sites\/58\/2025\/05\/06.jpg\" class=\"attachment-full size-full\" alt=\"\" data-no-retina=\"\" srcset=\"https:\/\/przedszkole61.edu.wroclaw.pl\/wp-content\/uploads\/sites\/58\/2025\/05\/06.jpg 675w, https:\/\/przedszkole61.edu.wroclaw.pl\/wp-content\/uploads\/sites\/58\/2025\/05\/06-225x300.jpg 225w\" sizes=\"auto, (max-width: 675px) 100vw, 675px\" \/><\/a><\/div><p><\/p><\/div><\/div><div class='col-md-4'><figure tabindex='0' class='pe-gallery-item pe-gallery-modal' data-mfp-src='#modal-gallery-1-37756'><div class='pe-gallery-image portrait'>\r\n\t\t\t\t\t\t\t<img loading=\"lazy\" decoding=\"async\" width=\"225\" height=\"300\" src=\"https:\/\/przedszkole61.edu.wroclaw.pl\/wp-content\/uploads\/sites\/58\/2025\/05\/4-3-225x300.jpg\" class=\"attachment-medium size-medium\" alt=\"\" data-no-retina=\"\" srcset=\"https:\/\/przedszkole61.edu.wroclaw.pl\/wp-content\/uploads\/sites\/58\/2025\/05\/4-3-225x300.jpg 225w, https:\/\/przedszkole61.edu.wroclaw.pl\/wp-content\/uploads\/sites\/58\/2025\/05\/4-3.jpg 675w\" sizes=\"auto, (max-width: 225px) 100vw, 225px\" \/>\r\n\t\t\t\t\t\t<\/div><\/figure><div id='modal-gallery-1-37756' class='mfp-modal-content mfp-hide' tabindex='-1' role='dialog' aria-labelledby='gallery-1-37756' style='max-width: 675px;><h4 id='gallery-1-37756'>4<\/h4><div class='pe-gallery-full-image'><a href=\"https:\/\/przedszkole61.edu.wroclaw.pl\/wp-content\/uploads\/sites\/58\/2025\/05\/4-3.jpg\"><img loading=\"lazy\" decoding=\"async\" width=\"675\" height=\"900\" src=\"https:\/\/przedszkole61.edu.wroclaw.pl\/wp-content\/uploads\/sites\/58\/2025\/05\/4-3.jpg\" class=\"attachment-full size-full\" alt=\"\" data-no-retina=\"\" srcset=\"https:\/\/przedszkole61.edu.wroclaw.pl\/wp-content\/uploads\/sites\/58\/2025\/05\/4-3.jpg 675w, https:\/\/przedszkole61.edu.wroclaw.pl\/wp-content\/uploads\/sites\/58\/2025\/05\/4-3-225x300.jpg 225w\" sizes=\"auto, (max-width: 675px) 100vw, 675px\" \/><\/a><\/div><p><\/p><\/div><\/div><div class='col-md-4'><figure tabindex='0' class='pe-gallery-item pe-gallery-modal' data-mfp-src='#modal-gallery-1-37768'><div class='pe-gallery-image portrait'>\r\n\t\t\t\t\t\t\t<img loading=\"lazy\" decoding=\"async\" width=\"225\" height=\"300\" src=\"https:\/\/przedszkole61.edu.wroclaw.pl\/wp-content\/uploads\/sites\/58\/2025\/05\/PHOTO-2025-05-14-13-31-33-225x300.jpg\" class=\"attachment-medium size-medium\" alt=\"\" data-no-retina=\"\" srcset=\"https:\/\/przedszkole61.edu.wroclaw.pl\/wp-content\/uploads\/sites\/58\/2025\/05\/PHOTO-2025-05-14-13-31-33-225x300.jpg 225w, https:\/\/przedszkole61.edu.wroclaw.pl\/wp-content\/uploads\/sites\/58\/2025\/05\/PHOTO-2025-05-14-13-31-33.jpg 675w\" sizes=\"auto, (max-width: 225px) 100vw, 225px\" \/>\r\n\t\t\t\t\t\t<\/div><\/figure><div id='modal-gallery-1-37768' class='mfp-modal-content mfp-hide' tabindex='-1' role='dialog' aria-labelledby='gallery-1-37768' style='max-width: 675px;><h4 id='gallery-1-37768'>PHOTO-2025-05-14-13-31-33<\/h4><div class='pe-gallery-full-image'><a href=\"https:\/\/przedszkole61.edu.wroclaw.pl\/wp-content\/uploads\/sites\/58\/2025\/05\/PHOTO-2025-05-14-13-31-33.jpg\"><img loading=\"lazy\" decoding=\"async\" width=\"675\" height=\"900\" src=\"https:\/\/przedszkole61.edu.wroclaw.pl\/wp-content\/uploads\/sites\/58\/2025\/05\/PHOTO-2025-05-14-13-31-33.jpg\" class=\"attachment-full size-full\" alt=\"\" data-no-retina=\"\" srcset=\"https:\/\/przedszkole61.edu.wroclaw.pl\/wp-content\/uploads\/sites\/58\/2025\/05\/PHOTO-2025-05-14-13-31-33.jpg 675w, https:\/\/przedszkole61.edu.wroclaw.pl\/wp-content\/uploads\/sites\/58\/2025\/05\/PHOTO-2025-05-14-13-31-33-225x300.jpg 225w\" sizes=\"auto, (max-width: 675px) 100vw, 675px\" \/><\/a><\/div><p><\/p><\/div><\/div><div class='col-md-4'><figure tabindex='0' class='pe-gallery-item pe-gallery-modal' data-mfp-src='#modal-gallery-1-37764'><div class='pe-gallery-image portrait'>\r\n\t\t\t\t\t\t\t<img loading=\"lazy\" decoding=\"async\" width=\"225\" height=\"300\" src=\"https:\/\/przedszkole61.edu.wroclaw.pl\/wp-content\/uploads\/sites\/58\/2025\/05\/11-225x300.jpg\" class=\"attachment-medium size-medium\" alt=\"\" data-no-retina=\"\" srcset=\"https:\/\/przedszkole61.edu.wroclaw.pl\/wp-content\/uploads\/sites\/58\/2025\/05\/11-225x300.jpg 225w, https:\/\/przedszkole61.edu.wroclaw.pl\/wp-content\/uploads\/sites\/58\/2025\/05\/11.jpg 675w\" sizes=\"auto, (max-width: 225px) 100vw, 225px\" \/>\r\n\t\t\t\t\t\t<\/div><\/figure><div id='modal-gallery-1-37764' class='mfp-modal-content mfp-hide' tabindex='-1' role='dialog' aria-labelledby='gallery-1-37764' style='max-width: 675px;><h4 id='gallery-1-37764'>11<\/h4><div class='pe-gallery-full-image'><a href=\"https:\/\/przedszkole61.edu.wroclaw.pl\/wp-content\/uploads\/sites\/58\/2025\/05\/11.jpg\"><img loading=\"lazy\" decoding=\"async\" width=\"675\" height=\"900\" src=\"https:\/\/przedszkole61.edu.wroclaw.pl\/wp-content\/uploads\/sites\/58\/2025\/05\/11.jpg\" class=\"attachment-full size-full\" alt=\"\" data-no-retina=\"\" srcset=\"https:\/\/przedszkole61.edu.wroclaw.pl\/wp-content\/uploads\/sites\/58\/2025\/05\/11.jpg 675w, https:\/\/przedszkole61.edu.wroclaw.pl\/wp-content\/uploads\/sites\/58\/2025\/05\/11-225x300.jpg 225w\" sizes=\"auto, (max-width: 675px) 100vw, 675px\" \/><\/a><\/div><p><\/p><\/div><\/div><\/div><\/div>\n\n","protected":false},"excerpt":{"rendered":"<p>14 maja 2025 Gajowickie Skrzaty odwiedzi\u0142y zagrod\u0119 edukacyjn\u0105 \u2013 Kruczyna. Podczas spaceru po lesie, s\u0142ucha\u0142y \u015bpiewu ptak\u00f3w, podziwia\u0142y r\u00f3\u017cnorodne gatunki drzew, bogat\u0105 ro\u015blinno\u015b\u0107 oraz zdobywa\u0142y wiedz\u0119 na temat \u017cycia mieszka\u0144c\u00f3w [&hellip;]<\/p>\n","protected":false},"author":241,"featured_media":37752,"comment_status":"closed","ping_status":"closed","sticky":false,"template":"","format":"standard","meta":{"ngg_post_thumbnail":0,"footnotes":""},"categories":[8],"tags":[],"class_list":["post-37748","post","type-post","status-publish","format-standard","has-post-thumbnail","hentry","category-wydarzenia","clearfix"],"_links":{"self":[{"href":"https:\/\/przedszkole61.edu.wroclaw.pl\/index.php\/wp-json\/wp\/v2\/posts\/37748","targetHints":{"allow":["GET"]}}],"collection":[{"href":"https:\/\/przedszkole61.edu.wroclaw.pl\/index.php\/wp-json\/wp\/v2\/posts"}],"about":[{"href":"https:\/\/przedszkole61.edu.wroclaw.pl\/index.php\/wp-json\/wp\/v2\/types\/post"}],"author":[{"embeddable":true,"href":"https:\/\/przedszkole61.edu.wroclaw.pl\/index.php\/wp-json\/wp\/v2\/users\/241"}],"replies":[{"embeddable":true,"href":"https:\/\/przedszkole61.edu.wroclaw.pl\/index.php\/wp-json\/wp\/v2\/comments?post=37748"}],"version-history":[{"count":4,"href":"https:\/\/przedszkole61.edu.wroclaw.pl\/index.php\/wp-json\/wp\/v2\/posts\/37748\/revisions"}],"predecessor-version":[{"id":37986,"href":"https:\/\/przedszkole61.edu.wroclaw.pl\/index.php\/wp-json\/wp\/v2\/posts\/37748\/revisions\/37986"}],"wp:featuredmedia":[{"embeddable":true,"href":"https:\/\/przedszkole61.edu.wroclaw.pl\/index.php\/wp-json\/wp\/v2\/media\/37752"}],"wp:attachment":[{"href":"https:\/\/przedszkole61.edu.wroclaw.pl\/index.php\/wp-json\/wp\/v2\/media?parent=37748"}],"wp:term":[{"taxonomy":"category","embeddable":true,"href":"https:\/\/przedszkole61.edu.wroclaw.pl\/index.php\/wp-json\/wp\/v2\/categories?post=37748"},{"taxonomy":"post_tag","embeddable":true,"href":"https:\/\/przedszkole61.edu.wroclaw.pl\/index.php\/wp-json\/wp\/v2\/tags?post=37748"}],"curies":[{"name":"wp","href":"https:\/\/api.w.org\/{rel}","templated":true}]}}