
{"id":37784,"date":"2025-05-15T21:36:22","date_gmt":"2025-05-15T19:36:22","guid":{"rendered":"https:\/\/przedszkole61.edu.wroclaw.pl\/?p=37784"},"modified":"2025-05-27T21:58:17","modified_gmt":"2025-05-27T19:58:17","slug":"sport-i-zabawa-rodzinna-sprawa","status":"publish","type":"post","link":"https:\/\/przedszkole61.edu.wroclaw.pl\/index.php\/2025\/05\/15\/sport-i-zabawa-rodzinna-sprawa\/","title":{"rendered":"Sport i Zabawa Rodzinna Sprawa"},"content":{"rendered":"<p>Szanowni Pa\u0144stwo pod takim has\u0142em spotkamy si\u0119<strong> \u00a05 czerwca o godz. 15.30 <\/strong>w Wielofunkcyjnej Hali Sport\u00f3w Walki WKS \u015al\u0105sk przy ulicy Rac\u0142awickiej.<\/p>\n<p>To pierwsze tego typu wydarzenie sportowe, gdzie nasze przedszkolaki w duecie z rodzicem b\u0119d\u0105 mog\u0142y spr\u00f3bowa\u0107 r\u00f3\u017cnych form sportowej zabawy i rywalizacji na profesjonalnym obiekcie sportowym pod opiek\u0105 kadry trenerskiej WKS.<!--more--><\/p>\n<p>Do udzia\u0142u serdecznie zapraszamy wszystkie przedszkolaki w duetach z jednym rodzicem oraz szerokie grono kibic\u00f3w do sportowego dopingu i wspierania wszystkich dru\u017cyn.<\/p>\n<p>Na uczestnik\u00f3w czekaj\u0105 niespodzianki.<\/p>\n<p>Obowi\u0105zuje str\u00f3j sportowy.<\/p>\n<p>Zg\u0142osze\u0144 nale\u017cy dokonywa\u0107 przez kod QR<\/p>\n<div id='pe-gallery-1' class='pe-gallery pe-gallery-37784 columns-3 img-size-medium'><div class='pe-row'><div class='col-md-4'><figure tabindex='0' class='pe-gallery-item pe-gallery-modal' data-mfp-src='#modal-gallery-1-37786'><div class='pe-gallery-image landscape'>\r\n\t\t\t\t\t\t\t<img loading=\"lazy\" decoding=\"async\" width=\"300\" height=\"246\" src=\"https:\/\/przedszkole61.edu.wroclaw.pl\/wp-content\/uploads\/sites\/58\/2025\/05\/cid_image006_png@01DBC57F-300x246.jpg\" class=\"attachment-medium size-medium\" alt=\"\" data-no-retina=\"\" srcset=\"https:\/\/przedszkole61.edu.wroclaw.pl\/wp-content\/uploads\/sites\/58\/2025\/05\/cid_image006_png@01DBC57F-300x246.jpg 300w, https:\/\/przedszkole61.edu.wroclaw.pl\/wp-content\/uploads\/sites\/58\/2025\/05\/cid_image006_png@01DBC57F-768x630.jpg 768w, https:\/\/przedszkole61.edu.wroclaw.pl\/wp-content\/uploads\/sites\/58\/2025\/05\/cid_image006_png@01DBC57F.jpg 900w\" sizes=\"auto, (max-width: 300px) 100vw, 300px\" \/>\r\n\t\t\t\t\t\t<\/div><\/figure><div id='modal-gallery-1-37786' class='mfp-modal-content mfp-hide' tabindex='-1' role='dialog' aria-labelledby='gallery-1-37786' style='max-width: 900px;><h4 id='gallery-1-37786'>!cid_image006_png@01DBC57F<\/h4><div class='pe-gallery-full-image'><a href=\"https:\/\/przedszkole61.edu.wroclaw.pl\/wp-content\/uploads\/sites\/58\/2025\/05\/cid_image006_png@01DBC57F.jpg\"><img loading=\"lazy\" decoding=\"async\" width=\"900\" height=\"738\" src=\"https:\/\/przedszkole61.edu.wroclaw.pl\/wp-content\/uploads\/sites\/58\/2025\/05\/cid_image006_png@01DBC57F.jpg\" class=\"attachment-full size-full\" alt=\"\" data-no-retina=\"\" srcset=\"https:\/\/przedszkole61.edu.wroclaw.pl\/wp-content\/uploads\/sites\/58\/2025\/05\/cid_image006_png@01DBC57F.jpg 900w, https:\/\/przedszkole61.edu.wroclaw.pl\/wp-content\/uploads\/sites\/58\/2025\/05\/cid_image006_png@01DBC57F-300x246.jpg 300w, https:\/\/przedszkole61.edu.wroclaw.pl\/wp-content\/uploads\/sites\/58\/2025\/05\/cid_image006_png@01DBC57F-768x630.jpg 768w\" sizes=\"auto, (max-width: 900px) 100vw, 900px\" \/><\/a><\/div><p><\/p><\/div><\/div><\/div><\/div>\n\n<p><em>Wydarzenie bezp\u0142atne, udzia\u0142 w wydarzeniu dobrowolny.<\/em><\/p>\n<p><strong>Zapraszamy \u2013 do mi\u0142ego zobaczenia<\/strong><\/p>\n<p><strong>Joanna Jandy\u00a0 Dyrektor Przedszkola 61 Gajowickie Skrzaty<\/strong><\/p>\n<p><strong>Miros\u0142aw Wolszczak trener klasy mistrzowskiej Judo, Mistrz \u015awiata i Europy.<\/strong><\/p>\n<p>&nbsp;<\/p>\n<div id='pe-gallery-2' class='pe-gallery pe-gallery-37784 columns-1 img-size-medium'><div class='pe-row'><div class='col-md-12'><figure tabindex='0' class='pe-gallery-item ' ><div class='pe-gallery-image landscape'>\r\n\t\t\t\t\t\t\t<a href=\"https:\/\/przedszkole61.edu.wroclaw.pl\/wp-content\/uploads\/sites\/58\/2025\/05\/cid_image002_jpg@01DBC57F.jpg\"><img loading=\"lazy\" decoding=\"async\" width=\"300\" height=\"172\" src=\"https:\/\/przedszkole61.edu.wroclaw.pl\/wp-content\/uploads\/sites\/58\/2025\/05\/cid_image002_jpg@01DBC57F-300x172.jpg\" class=\"attachment-medium size-medium\" alt=\"\" data-no-retina=\"\" srcset=\"https:\/\/przedszkole61.edu.wroclaw.pl\/wp-content\/uploads\/sites\/58\/2025\/05\/cid_image002_jpg@01DBC57F-300x172.jpg 300w, https:\/\/przedszkole61.edu.wroclaw.pl\/wp-content\/uploads\/sites\/58\/2025\/05\/cid_image002_jpg@01DBC57F-768x439.jpg 768w, https:\/\/przedszkole61.edu.wroclaw.pl\/wp-content\/uploads\/sites\/58\/2025\/05\/cid_image002_jpg@01DBC57F.jpg 900w\" sizes=\"auto, (max-width: 300px) 100vw, 300px\" \/><\/a>\r\n\t\t\t\t\t\t<\/div><\/figure><\/div><\/div><\/div>\n\n","protected":false},"excerpt":{"rendered":"<p>Szanowni Pa\u0144stwo pod takim has\u0142em spotkamy si\u0119 \u00a05 czerwca o godz. 15.30 w Wielofunkcyjnej Hali Sport\u00f3w Walki WKS \u015al\u0105sk przy ulicy Rac\u0142awickiej. To pierwsze tego typu wydarzenie sportowe, gdzie nasze [&hellip;]<\/p>\n","protected":false},"author":241,"featured_media":37785,"comment_status":"closed","ping_status":"closed","sticky":false,"template":"","format":"standard","meta":{"ngg_post_thumbnail":0,"footnotes":""},"categories":[1],"tags":[],"class_list":["post-37784","post","type-post","status-publish","format-standard","has-post-thumbnail","hentry","category-aktualnosci","clearfix"],"_links":{"self":[{"href":"https:\/\/przedszkole61.edu.wroclaw.pl\/index.php\/wp-json\/wp\/v2\/posts\/37784","targetHints":{"allow":["GET"]}}],"collection":[{"href":"https:\/\/przedszkole61.edu.wroclaw.pl\/index.php\/wp-json\/wp\/v2\/posts"}],"about":[{"href":"https:\/\/przedszkole61.edu.wroclaw.pl\/index.php\/wp-json\/wp\/v2\/types\/post"}],"author":[{"embeddable":true,"href":"https:\/\/przedszkole61.edu.wroclaw.pl\/index.php\/wp-json\/wp\/v2\/users\/241"}],"replies":[{"embeddable":true,"href":"https:\/\/przedszkole61.edu.wroclaw.pl\/index.php\/wp-json\/wp\/v2\/comments?post=37784"}],"version-history":[{"count":2,"href":"https:\/\/przedszkole61.edu.wroclaw.pl\/index.php\/wp-json\/wp\/v2\/posts\/37784\/revisions"}],"predecessor-version":[{"id":37788,"href":"https:\/\/przedszkole61.edu.wroclaw.pl\/index.php\/wp-json\/wp\/v2\/posts\/37784\/revisions\/37788"}],"wp:featuredmedia":[{"embeddable":true,"href":"https:\/\/przedszkole61.edu.wroclaw.pl\/index.php\/wp-json\/wp\/v2\/media\/37785"}],"wp:attachment":[{"href":"https:\/\/przedszkole61.edu.wroclaw.pl\/index.php\/wp-json\/wp\/v2\/media?parent=37784"}],"wp:term":[{"taxonomy":"category","embeddable":true,"href":"https:\/\/przedszkole61.edu.wroclaw.pl\/index.php\/wp-json\/wp\/v2\/categories?post=37784"},{"taxonomy":"post_tag","embeddable":true,"href":"https:\/\/przedszkole61.edu.wroclaw.pl\/index.php\/wp-json\/wp\/v2\/tags?post=37784"}],"curies":[{"name":"wp","href":"https:\/\/api.w.org\/{rel}","templated":true}]}}