
{"id":37940,"date":"2025-05-30T23:25:51","date_gmt":"2025-05-30T21:25:51","guid":{"rendered":"https:\/\/przedszkole61.edu.wroclaw.pl\/?p=37940"},"modified":"2025-06-02T22:09:25","modified_gmt":"2025-06-02T20:09:25","slug":"spotkanie-z-lekarzem-stomatologiem-8","status":"publish","type":"post","link":"https:\/\/przedszkole61.edu.wroclaw.pl\/index.php\/2025\/05\/30\/spotkanie-z-lekarzem-stomatologiem-8\/","title":{"rendered":"Spotkanie z lekarzem stomatologiem"},"content":{"rendered":"<div class=\"wpb_text_column wpb_content_element\">\n<div class=\"wpb_wrapper\">\n<p><strong>30 maja 2025<\/strong> we wszystkich grupach wiekowych odby\u0142o si\u0119 spotkanie z lekarzem stomatologiem pani\u0105 Izabel\u0105 Tokarz. Podczas spotkania dzieci utrwali\u0142y: zasady higieny jamy ustnej, prawid\u0142owy spos\u00f3b mycia z\u0119b\u00f3w oraz diet\u0119 w\u0142a\u015bciw\u0105 dla zdrowych z\u0119b\u00f3w. Na koniec obejrza\u0142y bajk\u0119 pt.: Zuzia i Felek u dentysty.<br \/>\nSpotkanie odby\u0142o si\u0119 w ramach realizacji XV edycji Programu Profilaktyka pr\u00f3chnicy z\u0119b\u00f3w u dzieci w wieku przedszkolnym &#8211; U\u015bmiechni\u0119ty \u015bwiat Zuzi i Felka.<\/p>\n<p>Pani Izabela Tokarz stomatologiczny opiekun dzieci naszego przedszkola wykonuje zabiegi profilaktyczno \u2013 lecznicze w gabinecie przy ul Powsta\u0144c\u00f3w \u015al\u0105skich 118 p.4, po uprzedniej telefonicznej rejestracji.<br \/>\nSerdecznie zapraszamy wszystkie przedszkolaki do wizyty w gabinecie pani doktor wsp\u00f3lnie z mam\u0105 i tat\u0105.<\/p>\n<p><strong>Rodzinne szczotkowanie<\/strong><br \/>\n<strong>Jest taka zasada, \u017ce p\u00f3ki kto\u015b nie umie dobrze pisa\u0107, to rodzice powinni umy\u0107 mu z\u0119by co najmniej raz dziennie. Ale pobawcie si\u0119 czasem w mycie sobie z\u0119b\u00f3w nawzajem z rodzicami: Wy im, a oni Wam. W buzi znajduje si\u0119 wiele bakterii, kt\u00f3re potrafi\u0105 bardzo szybko si\u0119 rozmna\u017ca\u0107, robi\u0107 dziury w naszych z\u0119bach i wnika\u0107 przez nie do naszego organizmu, powoduj\u0105c ro\u017cne choroby. Z\u0119by myjemy trzy razy dziennie, co najmniej dwie minuty okr\u0119\u017cnymi ruchami, a potem dok\u0142adnie p\u0142uczemy. Nale\u017cy tez regularnie robi\u0107 ich przegl\u0105d u dentysty.<\/strong><\/p>\n<p>\u0179r\u00f3d\u0142o: Niemapa kontra zarazki<\/p>\n<p>&nbsp;<\/p>\n<p>&nbsp;<\/p>\n<div id='pe-gallery-1' class='pe-gallery pe-gallery-37940 columns-3 img-size-medium'><div class='pe-row'><div class='col-md-4'><figure tabindex='0' class='pe-gallery-item pe-gallery-modal' data-mfp-src='#modal-gallery-1-30627'><div class='pe-gallery-image landscape'>\r\n\t\t\t\t\t\t\t<img loading=\"lazy\" decoding=\"async\" width=\"300\" height=\"167\" src=\"https:\/\/przedszkole61.edu.wroclaw.pl\/wp-content\/uploads\/sites\/58\/2022\/11\/ulotka_stomatologia__przod_DO_DRUKU-300x167.jpg\" class=\"attachment-medium size-medium\" alt=\"\" data-no-retina=\"\" srcset=\"https:\/\/przedszkole61.edu.wroclaw.pl\/wp-content\/uploads\/sites\/58\/2022\/11\/ulotka_stomatologia__przod_DO_DRUKU-300x167.jpg 300w, https:\/\/przedszkole61.edu.wroclaw.pl\/wp-content\/uploads\/sites\/58\/2022\/11\/ulotka_stomatologia__przod_DO_DRUKU-768x427.jpg 768w, https:\/\/przedszkole61.edu.wroclaw.pl\/wp-content\/uploads\/sites\/58\/2022\/11\/ulotka_stomatologia__przod_DO_DRUKU-600x333.jpg 600w, https:\/\/przedszkole61.edu.wroclaw.pl\/wp-content\/uploads\/sites\/58\/2022\/11\/ulotka_stomatologia__przod_DO_DRUKU.jpg 900w\" sizes=\"auto, (max-width: 300px) 100vw, 300px\" \/>\r\n\t\t\t\t\t\t<\/div><\/figure><div id='modal-gallery-1-30627' class='mfp-modal-content mfp-hide' tabindex='-1' role='dialog' aria-labelledby='gallery-1-30627' style='max-width: 900px;><h4 id='gallery-1-30627'>ulotka_stomatologia__przod_DO_DRUKU<\/h4><div class='pe-gallery-full-image'><a href=\"https:\/\/przedszkole61.edu.wroclaw.pl\/wp-content\/uploads\/sites\/58\/2022\/11\/ulotka_stomatologia__przod_DO_DRUKU.jpg\"><img loading=\"lazy\" decoding=\"async\" width=\"900\" height=\"500\" src=\"https:\/\/przedszkole61.edu.wroclaw.pl\/wp-content\/uploads\/sites\/58\/2022\/11\/ulotka_stomatologia__przod_DO_DRUKU.jpg\" class=\"attachment-full size-full\" alt=\"\" data-no-retina=\"\" srcset=\"https:\/\/przedszkole61.edu.wroclaw.pl\/wp-content\/uploads\/sites\/58\/2022\/11\/ulotka_stomatologia__przod_DO_DRUKU.jpg 900w, https:\/\/przedszkole61.edu.wroclaw.pl\/wp-content\/uploads\/sites\/58\/2022\/11\/ulotka_stomatologia__przod_DO_DRUKU-300x167.jpg 300w, https:\/\/przedszkole61.edu.wroclaw.pl\/wp-content\/uploads\/sites\/58\/2022\/11\/ulotka_stomatologia__przod_DO_DRUKU-768x427.jpg 768w, https:\/\/przedszkole61.edu.wroclaw.pl\/wp-content\/uploads\/sites\/58\/2022\/11\/ulotka_stomatologia__przod_DO_DRUKU-600x333.jpg 600w\" sizes=\"auto, (max-width: 900px) 100vw, 900px\" \/><\/a><\/div><p><\/p><\/div><\/div><div class='col-md-4'><figure tabindex='0' class='pe-gallery-item pe-gallery-modal' data-mfp-src='#modal-gallery-1-37968'><div class='pe-gallery-image landscape'>\r\n\t\t\t\t\t\t\t<img loading=\"lazy\" decoding=\"async\" width=\"300\" height=\"225\" src=\"https:\/\/przedszkole61.edu.wroclaw.pl\/wp-content\/uploads\/sites\/58\/2025\/05\/PHOTO-2025-06-02-15-31-26-300x225.jpg\" class=\"attachment-medium size-medium\" alt=\"\" data-no-retina=\"\" srcset=\"https:\/\/przedszkole61.edu.wroclaw.pl\/wp-content\/uploads\/sites\/58\/2025\/05\/PHOTO-2025-06-02-15-31-26-300x225.jpg 300w, https:\/\/przedszkole61.edu.wroclaw.pl\/wp-content\/uploads\/sites\/58\/2025\/05\/PHOTO-2025-06-02-15-31-26-768x576.jpg 768w, https:\/\/przedszkole61.edu.wroclaw.pl\/wp-content\/uploads\/sites\/58\/2025\/05\/PHOTO-2025-06-02-15-31-26.jpg 900w\" sizes=\"auto, (max-width: 300px) 100vw, 300px\" \/>\r\n\t\t\t\t\t\t<\/div><\/figure><div id='modal-gallery-1-37968' class='mfp-modal-content mfp-hide' tabindex='-1' role='dialog' aria-labelledby='gallery-1-37968' style='max-width: 900px;><h4 id='gallery-1-37968'>PHOTO-2025-06-02-15-31-26<\/h4><div class='pe-gallery-full-image'><a href=\"https:\/\/przedszkole61.edu.wroclaw.pl\/wp-content\/uploads\/sites\/58\/2025\/05\/PHOTO-2025-06-02-15-31-26.jpg\"><img loading=\"lazy\" decoding=\"async\" width=\"900\" height=\"675\" src=\"https:\/\/przedszkole61.edu.wroclaw.pl\/wp-content\/uploads\/sites\/58\/2025\/05\/PHOTO-2025-06-02-15-31-26.jpg\" class=\"attachment-full size-full\" alt=\"\" data-no-retina=\"\" srcset=\"https:\/\/przedszkole61.edu.wroclaw.pl\/wp-content\/uploads\/sites\/58\/2025\/05\/PHOTO-2025-06-02-15-31-26.jpg 900w, https:\/\/przedszkole61.edu.wroclaw.pl\/wp-content\/uploads\/sites\/58\/2025\/05\/PHOTO-2025-06-02-15-31-26-300x225.jpg 300w, https:\/\/przedszkole61.edu.wroclaw.pl\/wp-content\/uploads\/sites\/58\/2025\/05\/PHOTO-2025-06-02-15-31-26-768x576.jpg 768w\" sizes=\"auto, (max-width: 900px) 100vw, 900px\" \/><\/a><\/div><p><\/p><\/div><\/div><div class='col-md-4'><figure tabindex='0' class='pe-gallery-item pe-gallery-modal' data-mfp-src='#modal-gallery-1-37967'><div class='pe-gallery-image portrait'>\r\n\t\t\t\t\t\t\t<img loading=\"lazy\" decoding=\"async\" width=\"225\" height=\"300\" src=\"https:\/\/przedszkole61.edu.wroclaw.pl\/wp-content\/uploads\/sites\/58\/2025\/05\/43-225x300.jpg\" class=\"attachment-medium size-medium\" alt=\"\" data-no-retina=\"\" srcset=\"https:\/\/przedszkole61.edu.wroclaw.pl\/wp-content\/uploads\/sites\/58\/2025\/05\/43-225x300.jpg 225w, https:\/\/przedszkole61.edu.wroclaw.pl\/wp-content\/uploads\/sites\/58\/2025\/05\/43.jpg 675w\" sizes=\"auto, (max-width: 225px) 100vw, 225px\" \/>\r\n\t\t\t\t\t\t<\/div><\/figure><div id='modal-gallery-1-37967' class='mfp-modal-content mfp-hide' tabindex='-1' role='dialog' aria-labelledby='gallery-1-37967' style='max-width: 675px;><h4 id='gallery-1-37967'>43<\/h4><div class='pe-gallery-full-image'><a href=\"https:\/\/przedszkole61.edu.wroclaw.pl\/wp-content\/uploads\/sites\/58\/2025\/05\/43.jpg\"><img loading=\"lazy\" decoding=\"async\" width=\"675\" height=\"900\" src=\"https:\/\/przedszkole61.edu.wroclaw.pl\/wp-content\/uploads\/sites\/58\/2025\/05\/43.jpg\" class=\"attachment-full size-full\" alt=\"\" data-no-retina=\"\" srcset=\"https:\/\/przedszkole61.edu.wroclaw.pl\/wp-content\/uploads\/sites\/58\/2025\/05\/43.jpg 675w, https:\/\/przedszkole61.edu.wroclaw.pl\/wp-content\/uploads\/sites\/58\/2025\/05\/43-225x300.jpg 225w\" sizes=\"auto, (max-width: 675px) 100vw, 675px\" \/><\/a><\/div><p><\/p><\/div><\/div><\/div><\/div>\n\n<p>&nbsp;<\/p>\n<\/div>\n<\/div>\n","protected":false},"excerpt":{"rendered":"<p>30 maja 2025 we wszystkich grupach wiekowych odby\u0142o si\u0119 spotkanie z lekarzem stomatologiem pani\u0105 Izabel\u0105 Tokarz. Podczas spotkania dzieci utrwali\u0142y: zasady higieny jamy ustnej, prawid\u0142owy spos\u00f3b mycia z\u0119b\u00f3w oraz diet\u0119 [&hellip;]<\/p>\n","protected":false},"author":241,"featured_media":30624,"comment_status":"closed","ping_status":"closed","sticky":false,"template":"","format":"standard","meta":{"ngg_post_thumbnail":0,"footnotes":""},"categories":[8],"tags":[],"class_list":["post-37940","post","type-post","status-publish","format-standard","has-post-thumbnail","hentry","category-wydarzenia","clearfix"],"_links":{"self":[{"href":"https:\/\/przedszkole61.edu.wroclaw.pl\/index.php\/wp-json\/wp\/v2\/posts\/37940","targetHints":{"allow":["GET"]}}],"collection":[{"href":"https:\/\/przedszkole61.edu.wroclaw.pl\/index.php\/wp-json\/wp\/v2\/posts"}],"about":[{"href":"https:\/\/przedszkole61.edu.wroclaw.pl\/index.php\/wp-json\/wp\/v2\/types\/post"}],"author":[{"embeddable":true,"href":"https:\/\/przedszkole61.edu.wroclaw.pl\/index.php\/wp-json\/wp\/v2\/users\/241"}],"replies":[{"embeddable":true,"href":"https:\/\/przedszkole61.edu.wroclaw.pl\/index.php\/wp-json\/wp\/v2\/comments?post=37940"}],"version-history":[{"count":3,"href":"https:\/\/przedszkole61.edu.wroclaw.pl\/index.php\/wp-json\/wp\/v2\/posts\/37940\/revisions"}],"predecessor-version":[{"id":37970,"href":"https:\/\/przedszkole61.edu.wroclaw.pl\/index.php\/wp-json\/wp\/v2\/posts\/37940\/revisions\/37970"}],"wp:featuredmedia":[{"embeddable":true,"href":"https:\/\/przedszkole61.edu.wroclaw.pl\/index.php\/wp-json\/wp\/v2\/media\/30624"}],"wp:attachment":[{"href":"https:\/\/przedszkole61.edu.wroclaw.pl\/index.php\/wp-json\/wp\/v2\/media?parent=37940"}],"wp:term":[{"taxonomy":"category","embeddable":true,"href":"https:\/\/przedszkole61.edu.wroclaw.pl\/index.php\/wp-json\/wp\/v2\/categories?post=37940"},{"taxonomy":"post_tag","embeddable":true,"href":"https:\/\/przedszkole61.edu.wroclaw.pl\/index.php\/wp-json\/wp\/v2\/tags?post=37940"}],"curies":[{"name":"wp","href":"https:\/\/api.w.org\/{rel}","templated":true}]}}