
{"id":37971,"date":"2025-06-04T21:38:03","date_gmt":"2025-06-04T19:38:03","guid":{"rendered":"https:\/\/przedszkole61.edu.wroclaw.pl\/?p=37971"},"modified":"2025-06-04T21:57:19","modified_gmt":"2025-06-04T19:57:19","slug":"swieto-mamy-i-taty-7","status":"publish","type":"post","link":"https:\/\/przedszkole61.edu.wroclaw.pl\/index.php\/2025\/06\/04\/swieto-mamy-i-taty-7\/","title":{"rendered":"\u015awi\u0119to Mamy i Taty"},"content":{"rendered":"<div class=\"pe-article-content\">\n<p><strong>\u201eU\u015bmiech, oczy, z\u0142ote w\u0142osy \u2026 Mam\u0119 \u0142atwo narysowa\u0107! \u017beby jej nie by\u0142o smutno, musz\u0119 mamie kogo\u015b doda\u0107! Mama z lodami, mama z kanapk\u0105, lecz najpi\u0119kniejsza jest mama z tat\u0105!\u201d<\/strong><\/p>\n<p><strong>W maju i czerwcu Gajowickie Skrzaty obchodzi\u0142y uroczy\u015bcie \u015awi\u0119to Mamy i Taty. Wszystkim Rodzicom \u017cyczymy du\u017co niezapomnianych chwil ze swoimi dzie\u0107mi!<span id=\"more-21933\"><\/span><\/strong><\/p>\n<p>&nbsp;<\/p>\n<figure id=\"attachment_37972\" aria-describedby=\"caption-attachment-37972\" style=\"width: 225px\" class=\"wp-caption aligncenter\"><a href=\"https:\/\/przedszkole61.edu.wroclaw.pl\/wp-content\/uploads\/sites\/58\/2025\/06\/IMG_4765.jpg\"><img loading=\"lazy\" decoding=\"async\" class=\"wp-image-37972 size-medium\" src=\"https:\/\/przedszkole61.edu.wroclaw.pl\/wp-content\/uploads\/sites\/58\/2025\/06\/IMG_4765-225x300.jpg\" alt=\"\" width=\"225\" height=\"300\" srcset=\"https:\/\/przedszkole61.edu.wroclaw.pl\/wp-content\/uploads\/sites\/58\/2025\/06\/IMG_4765-225x300.jpg 225w, https:\/\/przedszkole61.edu.wroclaw.pl\/wp-content\/uploads\/sites\/58\/2025\/06\/IMG_4765.jpg 675w\" sizes=\"auto, (max-width: 225px) 100vw, 225px\" \/><\/a><figcaption id=\"caption-attachment-37972\" class=\"wp-caption-text\">rys. Natalia &#8211; Grupa V<\/figcaption><\/figure>\n<\/div>\n","protected":false},"excerpt":{"rendered":"<p>\u201eU\u015bmiech, oczy, z\u0142ote w\u0142osy \u2026 Mam\u0119 \u0142atwo narysowa\u0107! \u017beby jej nie by\u0142o smutno, musz\u0119 mamie kogo\u015b doda\u0107! Mama z lodami, mama z kanapk\u0105, lecz najpi\u0119kniejsza jest mama z tat\u0105!\u201d W [&hellip;]<\/p>\n","protected":false},"author":241,"featured_media":37972,"comment_status":"closed","ping_status":"closed","sticky":false,"template":"","format":"standard","meta":{"ngg_post_thumbnail":0,"footnotes":""},"categories":[8],"tags":[],"class_list":["post-37971","post","type-post","status-publish","format-standard","has-post-thumbnail","hentry","category-wydarzenia","clearfix"],"_links":{"self":[{"href":"https:\/\/przedszkole61.edu.wroclaw.pl\/index.php\/wp-json\/wp\/v2\/posts\/37971","targetHints":{"allow":["GET"]}}],"collection":[{"href":"https:\/\/przedszkole61.edu.wroclaw.pl\/index.php\/wp-json\/wp\/v2\/posts"}],"about":[{"href":"https:\/\/przedszkole61.edu.wroclaw.pl\/index.php\/wp-json\/wp\/v2\/types\/post"}],"author":[{"embeddable":true,"href":"https:\/\/przedszkole61.edu.wroclaw.pl\/index.php\/wp-json\/wp\/v2\/users\/241"}],"replies":[{"embeddable":true,"href":"https:\/\/przedszkole61.edu.wroclaw.pl\/index.php\/wp-json\/wp\/v2\/comments?post=37971"}],"version-history":[{"count":3,"href":"https:\/\/przedszkole61.edu.wroclaw.pl\/index.php\/wp-json\/wp\/v2\/posts\/37971\/revisions"}],"predecessor-version":[{"id":37975,"href":"https:\/\/przedszkole61.edu.wroclaw.pl\/index.php\/wp-json\/wp\/v2\/posts\/37971\/revisions\/37975"}],"wp:featuredmedia":[{"embeddable":true,"href":"https:\/\/przedszkole61.edu.wroclaw.pl\/index.php\/wp-json\/wp\/v2\/media\/37972"}],"wp:attachment":[{"href":"https:\/\/przedszkole61.edu.wroclaw.pl\/index.php\/wp-json\/wp\/v2\/media?parent=37971"}],"wp:term":[{"taxonomy":"category","embeddable":true,"href":"https:\/\/przedszkole61.edu.wroclaw.pl\/index.php\/wp-json\/wp\/v2\/categories?post=37971"},{"taxonomy":"post_tag","embeddable":true,"href":"https:\/\/przedszkole61.edu.wroclaw.pl\/index.php\/wp-json\/wp\/v2\/tags?post=37971"}],"curies":[{"name":"wp","href":"https:\/\/api.w.org\/{rel}","templated":true}]}}