
{"id":37976,"date":"2025-06-05T19:20:15","date_gmt":"2025-06-05T17:20:15","guid":{"rendered":"https:\/\/przedszkole61.edu.wroclaw.pl\/?p=37976"},"modified":"2025-06-05T19:20:15","modified_gmt":"2025-06-05T17:20:15","slug":"probny-alarm-przeciwpozarowy-3","status":"publish","type":"post","link":"https:\/\/przedszkole61.edu.wroclaw.pl\/index.php\/2025\/06\/05\/probny-alarm-przeciwpozarowy-3\/","title":{"rendered":"Pr\u00f3bny alarm przeciwpo\u017carowy"},"content":{"rendered":"<p><strong>5 czerwca 2025 <\/strong>w przedszkolu zosta\u0142 przeprowadzony pr\u00f3bny alarm przeciwpo\u017carowy. Ewakuacja odbywa\u0142a si\u0119 w obecno\u015bci i pod \u015bcis\u0142ym nadzorem Inspektora BHP oraz dyrektora przedszkola Pani Joanny Jandy.<br \/>\n<strong>Celem akcji by\u0142o nabywanie przez dzieci umiej\u0119tno\u015bci w\u0142a\u015bciwych zachowa\u0144 w sytuacji zagro\u017cenia oraz zapoznanie ich z zasadami bezpiecznej ewakuacji \u2013 szybkiej, zorganizowanej i pozbawionej element\u00f3w paniki. W \u0107wiczeniach wzi\u0119\u0142y udzia\u0142 wszystkie wszystkie grupy oraz personel przedszkola.<\/strong><\/p>\n<p>&nbsp;<\/p>\n<div id='pe-gallery-1' class='pe-gallery pe-gallery-37976 columns-1 img-size-medium'><div class='pe-row'><div class='col-md-12'><figure tabindex='0' class='pe-gallery-item ' ><div class='pe-gallery-image landscape'>\r\n\t\t\t\t\t\t\t<a href=\"https:\/\/przedszkole61.edu.wroclaw.pl\/wp-content\/uploads\/sites\/58\/2025\/06\/IMG_4906.jpg\"><img loading=\"lazy\" decoding=\"async\" width=\"300\" height=\"225\" src=\"https:\/\/przedszkole61.edu.wroclaw.pl\/wp-content\/uploads\/sites\/58\/2025\/06\/IMG_4906-300x225.jpg\" class=\"attachment-medium size-medium\" alt=\"\" data-no-retina=\"\" srcset=\"https:\/\/przedszkole61.edu.wroclaw.pl\/wp-content\/uploads\/sites\/58\/2025\/06\/IMG_4906-300x225.jpg 300w, https:\/\/przedszkole61.edu.wroclaw.pl\/wp-content\/uploads\/sites\/58\/2025\/06\/IMG_4906-768x576.jpg 768w, https:\/\/przedszkole61.edu.wroclaw.pl\/wp-content\/uploads\/sites\/58\/2025\/06\/IMG_4906.jpg 900w\" sizes=\"auto, (max-width: 300px) 100vw, 300px\" \/><\/a>\r\n\t\t\t\t\t\t<\/div><\/figure><\/div><\/div><\/div>\n\n","protected":false},"excerpt":{"rendered":"<p>5 czerwca 2025 w przedszkolu zosta\u0142 przeprowadzony pr\u00f3bny alarm przeciwpo\u017carowy. Ewakuacja odbywa\u0142a si\u0119 w obecno\u015bci i pod \u015bcis\u0142ym nadzorem Inspektora BHP oraz dyrektora przedszkola Pani Joanny Jandy. Celem akcji by\u0142o [&hellip;]<\/p>\n","protected":false},"author":241,"featured_media":37977,"comment_status":"closed","ping_status":"closed","sticky":false,"template":"","format":"standard","meta":{"ngg_post_thumbnail":0,"footnotes":""},"categories":[8],"tags":[],"class_list":["post-37976","post","type-post","status-publish","format-standard","has-post-thumbnail","hentry","category-wydarzenia","clearfix"],"_links":{"self":[{"href":"https:\/\/przedszkole61.edu.wroclaw.pl\/index.php\/wp-json\/wp\/v2\/posts\/37976","targetHints":{"allow":["GET"]}}],"collection":[{"href":"https:\/\/przedszkole61.edu.wroclaw.pl\/index.php\/wp-json\/wp\/v2\/posts"}],"about":[{"href":"https:\/\/przedszkole61.edu.wroclaw.pl\/index.php\/wp-json\/wp\/v2\/types\/post"}],"author":[{"embeddable":true,"href":"https:\/\/przedszkole61.edu.wroclaw.pl\/index.php\/wp-json\/wp\/v2\/users\/241"}],"replies":[{"embeddable":true,"href":"https:\/\/przedszkole61.edu.wroclaw.pl\/index.php\/wp-json\/wp\/v2\/comments?post=37976"}],"version-history":[{"count":1,"href":"https:\/\/przedszkole61.edu.wroclaw.pl\/index.php\/wp-json\/wp\/v2\/posts\/37976\/revisions"}],"predecessor-version":[{"id":37978,"href":"https:\/\/przedszkole61.edu.wroclaw.pl\/index.php\/wp-json\/wp\/v2\/posts\/37976\/revisions\/37978"}],"wp:featuredmedia":[{"embeddable":true,"href":"https:\/\/przedszkole61.edu.wroclaw.pl\/index.php\/wp-json\/wp\/v2\/media\/37977"}],"wp:attachment":[{"href":"https:\/\/przedszkole61.edu.wroclaw.pl\/index.php\/wp-json\/wp\/v2\/media?parent=37976"}],"wp:term":[{"taxonomy":"category","embeddable":true,"href":"https:\/\/przedszkole61.edu.wroclaw.pl\/index.php\/wp-json\/wp\/v2\/categories?post=37976"},{"taxonomy":"post_tag","embeddable":true,"href":"https:\/\/przedszkole61.edu.wroclaw.pl\/index.php\/wp-json\/wp\/v2\/tags?post=37976"}],"curies":[{"name":"wp","href":"https:\/\/api.w.org\/{rel}","templated":true}]}}