
{"id":38086,"date":"2025-06-22T16:32:40","date_gmt":"2025-06-22T14:32:40","guid":{"rendered":"https:\/\/przedszkole61.edu.wroclaw.pl\/?p=38086"},"modified":"2025-06-22T21:29:37","modified_gmt":"2025-06-22T19:29:37","slug":"dom-krasnoludkow","status":"publish","type":"post","link":"https:\/\/przedszkole61.edu.wroclaw.pl\/index.php\/2025\/06\/22\/dom-krasnoludkow\/","title":{"rendered":"Dom Krasnoludk\u00f3w"},"content":{"rendered":"<p><strong>9 czerwca 2025<\/strong> Gajowickie Skrzaty z grupy 5 odwiedzi\u0142y Dom Krasnoludk\u00f3w. A sk\u0105d si\u0119 krasnoludki wzi\u0119\u0142y na \u015bwiecie i sk\u0105d wzi\u0119\u0142a si\u0119 nazwa krasnoludek, kt\u00f3re krasnale by\u0142y pierwsze we Wroc\u0142awiu, dlaczego Syzyfek wci\u0105\u017c toczy kul\u0119 i nie mo\u017ce dotrze\u0107 do celu, ile mamy most\u00f3w we Wroc\u0142awiu i ile krasnali mieszka w naszym mie\u015bcie &#8211; tego dzieci dowiedzia\u0142y si\u0119 od Krasnala Gaw\u0119dziarza. Dzieci wzi\u0119\u0142y r\u00f3wnie\u017c udzia\u0142 w warsztatach i same zrobi\u0142y domki dla w\u0142asnor\u0119cznie pomalowanego gipsowego krasnoludka.<\/p>\n<p>&nbsp;<\/p>\n<div id='pe-gallery-1' class='pe-gallery pe-gallery-38086 columns-3 img-size-medium'><div class='pe-row'><div class='col-md-4'><figure tabindex='0' class='pe-gallery-item pe-gallery-modal' data-mfp-src='#modal-gallery-1-38094'><div class='pe-gallery-image portrait'>\r\n\t\t\t\t\t\t\t<img loading=\"lazy\" decoding=\"async\" width=\"225\" height=\"300\" src=\"https:\/\/przedszkole61.edu.wroclaw.pl\/wp-content\/uploads\/sites\/58\/2025\/06\/PHOTO-2025-06-09-19-24-51-225x300.jpg\" class=\"attachment-medium size-medium\" alt=\"\" data-no-retina=\"\" srcset=\"https:\/\/przedszkole61.edu.wroclaw.pl\/wp-content\/uploads\/sites\/58\/2025\/06\/PHOTO-2025-06-09-19-24-51-225x300.jpg 225w, https:\/\/przedszkole61.edu.wroclaw.pl\/wp-content\/uploads\/sites\/58\/2025\/06\/PHOTO-2025-06-09-19-24-51.jpg 675w\" sizes=\"auto, (max-width: 225px) 100vw, 225px\" \/>\r\n\t\t\t\t\t\t<\/div><\/figure><div id='modal-gallery-1-38094' class='mfp-modal-content mfp-hide' tabindex='-1' role='dialog' aria-labelledby='gallery-1-38094' style='max-width: 675px;><h4 id='gallery-1-38094'>PHOTO-2025-06-09-19-24-51<\/h4><div class='pe-gallery-full-image'><a href=\"https:\/\/przedszkole61.edu.wroclaw.pl\/wp-content\/uploads\/sites\/58\/2025\/06\/PHOTO-2025-06-09-19-24-51.jpg\"><img loading=\"lazy\" decoding=\"async\" width=\"675\" height=\"900\" src=\"https:\/\/przedszkole61.edu.wroclaw.pl\/wp-content\/uploads\/sites\/58\/2025\/06\/PHOTO-2025-06-09-19-24-51.jpg\" class=\"attachment-full size-full\" alt=\"\" data-no-retina=\"\" srcset=\"https:\/\/przedszkole61.edu.wroclaw.pl\/wp-content\/uploads\/sites\/58\/2025\/06\/PHOTO-2025-06-09-19-24-51.jpg 675w, https:\/\/przedszkole61.edu.wroclaw.pl\/wp-content\/uploads\/sites\/58\/2025\/06\/PHOTO-2025-06-09-19-24-51-225x300.jpg 225w\" sizes=\"auto, (max-width: 675px) 100vw, 675px\" \/><\/a><\/div><p><\/p><\/div><\/div><div class='col-md-4'><figure tabindex='0' class='pe-gallery-item pe-gallery-modal' data-mfp-src='#modal-gallery-1-38093'><div class='pe-gallery-image portrait'>\r\n\t\t\t\t\t\t\t<img loading=\"lazy\" decoding=\"async\" width=\"225\" height=\"300\" src=\"https:\/\/przedszkole61.edu.wroclaw.pl\/wp-content\/uploads\/sites\/58\/2025\/06\/PHOTO-2025-06-09-19-24-42-225x300.jpg\" class=\"attachment-medium size-medium\" alt=\"\" data-no-retina=\"\" srcset=\"https:\/\/przedszkole61.edu.wroclaw.pl\/wp-content\/uploads\/sites\/58\/2025\/06\/PHOTO-2025-06-09-19-24-42-225x300.jpg 225w, https:\/\/przedszkole61.edu.wroclaw.pl\/wp-content\/uploads\/sites\/58\/2025\/06\/PHOTO-2025-06-09-19-24-42.jpg 675w\" sizes=\"auto, (max-width: 225px) 100vw, 225px\" \/>\r\n\t\t\t\t\t\t<\/div><\/figure><div id='modal-gallery-1-38093' class='mfp-modal-content mfp-hide' tabindex='-1' role='dialog' aria-labelledby='gallery-1-38093' style='max-width: 675px;><h4 id='gallery-1-38093'>PHOTO-2025-06-09-19-24-42<\/h4><div class='pe-gallery-full-image'><a href=\"https:\/\/przedszkole61.edu.wroclaw.pl\/wp-content\/uploads\/sites\/58\/2025\/06\/PHOTO-2025-06-09-19-24-42.jpg\"><img loading=\"lazy\" decoding=\"async\" width=\"675\" height=\"900\" src=\"https:\/\/przedszkole61.edu.wroclaw.pl\/wp-content\/uploads\/sites\/58\/2025\/06\/PHOTO-2025-06-09-19-24-42.jpg\" class=\"attachment-full size-full\" alt=\"\" data-no-retina=\"\" srcset=\"https:\/\/przedszkole61.edu.wroclaw.pl\/wp-content\/uploads\/sites\/58\/2025\/06\/PHOTO-2025-06-09-19-24-42.jpg 675w, https:\/\/przedszkole61.edu.wroclaw.pl\/wp-content\/uploads\/sites\/58\/2025\/06\/PHOTO-2025-06-09-19-24-42-225x300.jpg 225w\" sizes=\"auto, (max-width: 675px) 100vw, 675px\" \/><\/a><\/div><p><\/p><\/div><\/div><div class='col-md-4'><figure tabindex='0' class='pe-gallery-item pe-gallery-modal' data-mfp-src='#modal-gallery-1-38092'><div class='pe-gallery-image portrait'>\r\n\t\t\t\t\t\t\t<img loading=\"lazy\" decoding=\"async\" width=\"225\" height=\"300\" src=\"https:\/\/przedszkole61.edu.wroclaw.pl\/wp-content\/uploads\/sites\/58\/2025\/06\/PHOTO-2025-06-09-19-24-42-1-225x300.jpg\" class=\"attachment-medium size-medium\" alt=\"\" data-no-retina=\"\" srcset=\"https:\/\/przedszkole61.edu.wroclaw.pl\/wp-content\/uploads\/sites\/58\/2025\/06\/PHOTO-2025-06-09-19-24-42-1-225x300.jpg 225w, https:\/\/przedszkole61.edu.wroclaw.pl\/wp-content\/uploads\/sites\/58\/2025\/06\/PHOTO-2025-06-09-19-24-42-1.jpg 675w\" sizes=\"auto, (max-width: 225px) 100vw, 225px\" \/>\r\n\t\t\t\t\t\t<\/div><\/figure><div id='modal-gallery-1-38092' class='mfp-modal-content mfp-hide' tabindex='-1' role='dialog' aria-labelledby='gallery-1-38092' style='max-width: 675px;><h4 id='gallery-1-38092'>PHOTO-2025-06-09-19-24-42 (1)<\/h4><div class='pe-gallery-full-image'><a href=\"https:\/\/przedszkole61.edu.wroclaw.pl\/wp-content\/uploads\/sites\/58\/2025\/06\/PHOTO-2025-06-09-19-24-42-1.jpg\"><img loading=\"lazy\" decoding=\"async\" width=\"675\" height=\"900\" src=\"https:\/\/przedszkole61.edu.wroclaw.pl\/wp-content\/uploads\/sites\/58\/2025\/06\/PHOTO-2025-06-09-19-24-42-1.jpg\" class=\"attachment-full size-full\" alt=\"\" data-no-retina=\"\" srcset=\"https:\/\/przedszkole61.edu.wroclaw.pl\/wp-content\/uploads\/sites\/58\/2025\/06\/PHOTO-2025-06-09-19-24-42-1.jpg 675w, https:\/\/przedszkole61.edu.wroclaw.pl\/wp-content\/uploads\/sites\/58\/2025\/06\/PHOTO-2025-06-09-19-24-42-1-225x300.jpg 225w\" sizes=\"auto, (max-width: 675px) 100vw, 675px\" \/><\/a><\/div><p><\/p><\/div><\/div><\/div><\/div>\n\n<p>&nbsp;<\/p>\n","protected":false},"excerpt":{"rendered":"<p>9 czerwca 2025 Gajowickie Skrzaty z grupy 5 odwiedzi\u0142y Dom Krasnoludk\u00f3w. A sk\u0105d si\u0119 krasnoludki wzi\u0119\u0142y na \u015bwiecie i sk\u0105d wzi\u0119\u0142a si\u0119 nazwa krasnoludek, kt\u00f3re krasnale by\u0142y pierwsze we Wroc\u0142awiu, [&hellip;]<\/p>\n","protected":false},"author":241,"featured_media":38094,"comment_status":"closed","ping_status":"closed","sticky":false,"template":"","format":"standard","meta":{"ngg_post_thumbnail":0,"footnotes":""},"categories":[8],"tags":[],"class_list":["post-38086","post","type-post","status-publish","format-standard","has-post-thumbnail","hentry","category-wydarzenia","clearfix"],"_links":{"self":[{"href":"https:\/\/przedszkole61.edu.wroclaw.pl\/index.php\/wp-json\/wp\/v2\/posts\/38086","targetHints":{"allow":["GET"]}}],"collection":[{"href":"https:\/\/przedszkole61.edu.wroclaw.pl\/index.php\/wp-json\/wp\/v2\/posts"}],"about":[{"href":"https:\/\/przedszkole61.edu.wroclaw.pl\/index.php\/wp-json\/wp\/v2\/types\/post"}],"author":[{"embeddable":true,"href":"https:\/\/przedszkole61.edu.wroclaw.pl\/index.php\/wp-json\/wp\/v2\/users\/241"}],"replies":[{"embeddable":true,"href":"https:\/\/przedszkole61.edu.wroclaw.pl\/index.php\/wp-json\/wp\/v2\/comments?post=38086"}],"version-history":[{"count":2,"href":"https:\/\/przedszkole61.edu.wroclaw.pl\/index.php\/wp-json\/wp\/v2\/posts\/38086\/revisions"}],"predecessor-version":[{"id":38095,"href":"https:\/\/przedszkole61.edu.wroclaw.pl\/index.php\/wp-json\/wp\/v2\/posts\/38086\/revisions\/38095"}],"wp:featuredmedia":[{"embeddable":true,"href":"https:\/\/przedszkole61.edu.wroclaw.pl\/index.php\/wp-json\/wp\/v2\/media\/38094"}],"wp:attachment":[{"href":"https:\/\/przedszkole61.edu.wroclaw.pl\/index.php\/wp-json\/wp\/v2\/media?parent=38086"}],"wp:term":[{"taxonomy":"category","embeddable":true,"href":"https:\/\/przedszkole61.edu.wroclaw.pl\/index.php\/wp-json\/wp\/v2\/categories?post=38086"},{"taxonomy":"post_tag","embeddable":true,"href":"https:\/\/przedszkole61.edu.wroclaw.pl\/index.php\/wp-json\/wp\/v2\/tags?post=38086"}],"curies":[{"name":"wp","href":"https:\/\/api.w.org\/{rel}","templated":true}]}}