
{"id":38189,"date":"2025-08-28T22:27:46","date_gmt":"2025-08-28T20:27:46","guid":{"rendered":"https:\/\/przedszkole61.edu.wroclaw.pl\/?p=38189"},"modified":"2025-08-28T22:44:48","modified_gmt":"2025-08-28T20:44:48","slug":"witamy-w-przedszkolu-3","status":"publish","type":"post","link":"https:\/\/przedszkole61.edu.wroclaw.pl\/index.php\/2025\/08\/28\/witamy-w-przedszkolu-3\/","title":{"rendered":"Witamy w Przedszkolu!"},"content":{"rendered":"<div class=\"xdj266r x14z9mp xat24cr x1lziwak x1vvkbs x126k92a\">\n<div dir=\"auto\"><strong>Serdecznie witamy Dzieci i Rodzic\u00f3w w Roku Szkolnym 2025\/2026<\/strong><\/div>\n<\/div>\n<div class=\"x14z9mp xat24cr x1lziwak x1vvkbs xtlvy1s x126k92a\">\n<div dir=\"auto\">\n<p><strong>Ju\u017c od 1 wrze\u015bnia zapraszamy dzieci do wsp\u00f3lnej, weso\u0142ej zabawy i odkrywania \u015bwiata.\u00a0<\/strong><\/p>\n<div dir=\"auto\"><strong>Gajowickie Skrzaty \u017cyczymy Wam, aby ka\u017cdy dzie\u0144 sp\u0119dzony w przedszkolu by\u0142 wyj\u0105tkowy i pe\u0142en wra\u017ce\u0144!<\/strong><\/div>\n<div dir=\"auto\"><strong><span class=\"fxk3tzhb b2rh1bv3 gh55jysx m8h3af8h ewco64xe kjdc1dyq ms56khn7 bq6c9xl4 eohcrkr5 akh3l2rg\">\u00a0<\/span><\/strong><\/div>\n<\/div>\n<\/div>\n<div class=\"x14z9mp xat24cr x1lziwak x1vvkbs xtlvy1s x126k92a\"><\/div>\n<div class=\"x14z9mp xat24cr x1lziwak x1vvkbs xtlvy1s x126k92a\">\n<div dir=\"auto\"><strong>Do zobaczenia w przedszkolu!<\/strong><\/div>\n<\/div>\n<div class=\"x14z9mp xat24cr x1lziwak x1vvkbs xtlvy1s x126k92a\">\n<div dir=\"auto\">\n<div class=\"pe-article-content\">\n<div class=\"l7ghb35v kjdc1dyq kmwttqpk gh25dzvf jikcssrz n3t5jt4f\"><\/div>\n<\/div>\n<\/div>\n<\/div>\n","protected":false},"excerpt":{"rendered":"<p>Serdecznie witamy Dzieci i Rodzic\u00f3w w Roku Szkolnym 2025\/2026 Ju\u017c od 1 wrze\u015bnia zapraszamy dzieci do wsp\u00f3lnej, weso\u0142ej zabawy i odkrywania \u015bwiata.\u00a0 Gajowickie Skrzaty \u017cyczymy Wam, aby ka\u017cdy dzie\u0144 sp\u0119dzony [&hellip;]<\/p>\n","protected":false},"author":241,"featured_media":28774,"comment_status":"closed","ping_status":"closed","sticky":false,"template":"","format":"standard","meta":{"ngg_post_thumbnail":0,"footnotes":""},"categories":[1],"tags":[],"class_list":["post-38189","post","type-post","status-publish","format-standard","has-post-thumbnail","hentry","category-aktualnosci","clearfix"],"_links":{"self":[{"href":"https:\/\/przedszkole61.edu.wroclaw.pl\/index.php\/wp-json\/wp\/v2\/posts\/38189","targetHints":{"allow":["GET"]}}],"collection":[{"href":"https:\/\/przedszkole61.edu.wroclaw.pl\/index.php\/wp-json\/wp\/v2\/posts"}],"about":[{"href":"https:\/\/przedszkole61.edu.wroclaw.pl\/index.php\/wp-json\/wp\/v2\/types\/post"}],"author":[{"embeddable":true,"href":"https:\/\/przedszkole61.edu.wroclaw.pl\/index.php\/wp-json\/wp\/v2\/users\/241"}],"replies":[{"embeddable":true,"href":"https:\/\/przedszkole61.edu.wroclaw.pl\/index.php\/wp-json\/wp\/v2\/comments?post=38189"}],"version-history":[{"count":2,"href":"https:\/\/przedszkole61.edu.wroclaw.pl\/index.php\/wp-json\/wp\/v2\/posts\/38189\/revisions"}],"predecessor-version":[{"id":38194,"href":"https:\/\/przedszkole61.edu.wroclaw.pl\/index.php\/wp-json\/wp\/v2\/posts\/38189\/revisions\/38194"}],"wp:featuredmedia":[{"embeddable":true,"href":"https:\/\/przedszkole61.edu.wroclaw.pl\/index.php\/wp-json\/wp\/v2\/media\/28774"}],"wp:attachment":[{"href":"https:\/\/przedszkole61.edu.wroclaw.pl\/index.php\/wp-json\/wp\/v2\/media?parent=38189"}],"wp:term":[{"taxonomy":"category","embeddable":true,"href":"https:\/\/przedszkole61.edu.wroclaw.pl\/index.php\/wp-json\/wp\/v2\/categories?post=38189"},{"taxonomy":"post_tag","embeddable":true,"href":"https:\/\/przedszkole61.edu.wroclaw.pl\/index.php\/wp-json\/wp\/v2\/tags?post=38189"}],"curies":[{"name":"wp","href":"https:\/\/api.w.org\/{rel}","templated":true}]}}