
{"id":38344,"date":"2025-09-23T23:07:19","date_gmt":"2025-09-23T21:07:19","guid":{"rendered":"https:\/\/przedszkole61.edu.wroclaw.pl\/?p=38344"},"modified":"2025-09-23T23:20:30","modified_gmt":"2025-09-23T21:20:30","slug":"probny-alarm-przeciwpozarowy-4","status":"publish","type":"post","link":"https:\/\/przedszkole61.edu.wroclaw.pl\/index.php\/2025\/09\/23\/probny-alarm-przeciwpozarowy-4\/","title":{"rendered":"Pr\u00f3bny alarm przeciwpo\u017carowy"},"content":{"rendered":"<p><b>23 wrze\u015bnia 2025 <\/b>w przedszkolu zosta\u0142 przeprowadzony pr\u00f3bny alarm przeciwpo\u017carowy. Ewakuacja odbywa\u0142a si\u0119 w obecno\u015bci i pod \u015bcis\u0142ym nadzorem\u00a0 &#8211; dyrektora przedszkola Pani Joanny Jandy oraz Inspektora BHP. <strong>Celem akcji by\u0142o nabywanie przez dzieci umiej\u0119tno\u015bci w\u0142a\u015bciwych zachowa\u0144 w sytuacji zagro\u017cenia oraz zapoznanie ich z zasadami bezpiecznej ewakuacji \u2013 szybkiej, zorganizowanej i pozbawionej element\u00f3w paniki. W \u0107wiczeniach wzi\u0119\u0142y udzia\u0142 wszystkie przedszkolaki oraz personel obecny w budynku przedszkola.<\/strong><\/p>\n<p>&nbsp;<\/p>\n<div id='pe-gallery-1' class='pe-gallery pe-gallery-38344 columns-1 img-size-medium'><div class='pe-row'><div class='col-md-12'><figure tabindex='0' class='pe-gallery-item ' ><div class='pe-gallery-image landscape'>\r\n\t\t\t\t\t\t\t<a href=\"https:\/\/przedszkole61.edu.wroclaw.pl\/wp-content\/uploads\/sites\/58\/2025\/09\/IMG_5295.jpg\"><img loading=\"lazy\" decoding=\"async\" width=\"300\" height=\"225\" src=\"https:\/\/przedszkole61.edu.wroclaw.pl\/wp-content\/uploads\/sites\/58\/2025\/09\/IMG_5295-300x225.jpg\" class=\"attachment-medium size-medium\" alt=\"\" data-no-retina=\"\" srcset=\"https:\/\/przedszkole61.edu.wroclaw.pl\/wp-content\/uploads\/sites\/58\/2025\/09\/IMG_5295-300x225.jpg 300w, https:\/\/przedszkole61.edu.wroclaw.pl\/wp-content\/uploads\/sites\/58\/2025\/09\/IMG_5295-768x576.jpg 768w, https:\/\/przedszkole61.edu.wroclaw.pl\/wp-content\/uploads\/sites\/58\/2025\/09\/IMG_5295.jpg 900w\" sizes=\"auto, (max-width: 300px) 100vw, 300px\" \/><\/a>\r\n\t\t\t\t\t\t<\/div><\/figure><\/div><\/div><\/div>\n\n<p>&nbsp;<\/p>\n","protected":false},"excerpt":{"rendered":"<p>23 wrze\u015bnia 2025 w przedszkolu zosta\u0142 przeprowadzony pr\u00f3bny alarm przeciwpo\u017carowy. Ewakuacja odbywa\u0142a si\u0119 w obecno\u015bci i pod \u015bcis\u0142ym nadzorem\u00a0 &#8211; dyrektora przedszkola Pani Joanny Jandy oraz Inspektora BHP. Celem akcji [&hellip;]<\/p>\n","protected":false},"author":241,"featured_media":38345,"comment_status":"closed","ping_status":"closed","sticky":false,"template":"","format":"standard","meta":{"ngg_post_thumbnail":0,"footnotes":""},"categories":[8],"tags":[],"class_list":["post-38344","post","type-post","status-publish","format-standard","has-post-thumbnail","hentry","category-wydarzenia","clearfix"],"_links":{"self":[{"href":"https:\/\/przedszkole61.edu.wroclaw.pl\/index.php\/wp-json\/wp\/v2\/posts\/38344","targetHints":{"allow":["GET"]}}],"collection":[{"href":"https:\/\/przedszkole61.edu.wroclaw.pl\/index.php\/wp-json\/wp\/v2\/posts"}],"about":[{"href":"https:\/\/przedszkole61.edu.wroclaw.pl\/index.php\/wp-json\/wp\/v2\/types\/post"}],"author":[{"embeddable":true,"href":"https:\/\/przedszkole61.edu.wroclaw.pl\/index.php\/wp-json\/wp\/v2\/users\/241"}],"replies":[{"embeddable":true,"href":"https:\/\/przedszkole61.edu.wroclaw.pl\/index.php\/wp-json\/wp\/v2\/comments?post=38344"}],"version-history":[{"count":2,"href":"https:\/\/przedszkole61.edu.wroclaw.pl\/index.php\/wp-json\/wp\/v2\/posts\/38344\/revisions"}],"predecessor-version":[{"id":38349,"href":"https:\/\/przedszkole61.edu.wroclaw.pl\/index.php\/wp-json\/wp\/v2\/posts\/38344\/revisions\/38349"}],"wp:featuredmedia":[{"embeddable":true,"href":"https:\/\/przedszkole61.edu.wroclaw.pl\/index.php\/wp-json\/wp\/v2\/media\/38345"}],"wp:attachment":[{"href":"https:\/\/przedszkole61.edu.wroclaw.pl\/index.php\/wp-json\/wp\/v2\/media?parent=38344"}],"wp:term":[{"taxonomy":"category","embeddable":true,"href":"https:\/\/przedszkole61.edu.wroclaw.pl\/index.php\/wp-json\/wp\/v2\/categories?post=38344"},{"taxonomy":"post_tag","embeddable":true,"href":"https:\/\/przedszkole61.edu.wroclaw.pl\/index.php\/wp-json\/wp\/v2\/tags?post=38344"}],"curies":[{"name":"wp","href":"https:\/\/api.w.org\/{rel}","templated":true}]}}