
{"id":38364,"date":"2025-09-27T14:44:18","date_gmt":"2025-09-27T12:44:18","guid":{"rendered":"https:\/\/przedszkole61.edu.wroclaw.pl\/?p=38364"},"modified":"2025-09-27T14:48:10","modified_gmt":"2025-09-27T12:48:10","slug":"wycieczka-integracyjna-do-zielonej-doliny-krzeptow","status":"publish","type":"post","link":"https:\/\/przedszkole61.edu.wroclaw.pl\/index.php\/2025\/09\/27\/wycieczka-integracyjna-do-zielonej-doliny-krzeptow\/","title":{"rendered":"Wycieczka integracyjna do Zielonej Doliny -Krzept\u00f3w"},"content":{"rendered":"<p>26 wrze\u015bnia dzieci z grupy II , III , IV oraz V wzi\u0119\u0142y udzia\u0142 w wycieczce do zagrody rolnej w Krzeptowie, gdzie pozna\u0142y histori\u0119 ziemniaka oraz proces jego uprawy.<br \/>\nNajwi\u0119ksz\u0105 atrakcj\u0105 by\u0142y wsp\u00f3lne wykopki podczas, kt\u00f3rych dzieci mia\u0142y nie tylko okazj\u0119 samodzielnie zbiera\u0107 ziemniaki, ale tak\u017ce zobaczy\u0107 sprz\u0119t rolniczy, taki jak kopaczka gwiazdkowa, wykorzystywana podczas zbior\u00f3w.<br \/>\nKulminacyjnym punktem spotkania by\u0142o wyczekiwane smakowanie pieczonych ziemniaczk\u00f3w z ogniska, kt\u00f3re wszystkim wyj\u0105tkowo przypad\u0142y do gustu.<br \/>\nDu\u017cym zainteresowaniem cieszy\u0142o si\u0119 gospodarstwo zwierz\u0105t, w kt\u00f3rym dzieci mog\u0142y z bliska zobaczy\u0107 kury, kr\u00f3liki i kozy. W czasie wolnym najm\u0142odsi korzystali z przestronnego placu zabaw, gdzie ka\u017cdy znalaz\u0142 co\u015b dla siebie.<br \/>\nPrzedszkolaki bra\u0142y udzia\u0142 w r\u00f3\u017cnych grach i zabawach, konkursie na \u201eKr\u00f3la Kartofla\u201d oraz zaj\u0119ciach manualnych, tworz\u0105c ziemniaczane je\u017cyki z wyka\u0142aczek.<br \/>\nWycieczka by\u0142a pe\u0142na rado\u015bci, zabawy i cennych do\u015bwiadcze\u0144, kt\u00f3re na d\u0142ugo pozostan\u0105 w pami\u0119ci dzieci.<\/p>\n<p>&nbsp;<\/p>\n<div id='pe-gallery-1' class='pe-gallery pe-gallery-38364 columns-3 img-size-medium'><div class='pe-row'><div class='col-md-4'><figure tabindex='0' class='pe-gallery-item pe-gallery-modal' data-mfp-src='#modal-gallery-1-38370'><div class='pe-gallery-image landscape'>\r\n\t\t\t\t\t\t\t<img loading=\"lazy\" decoding=\"async\" width=\"300\" height=\"169\" src=\"https:\/\/przedszkole61.edu.wroclaw.pl\/wp-content\/uploads\/sites\/58\/2025\/09\/zwierzeta-300x169.jpeg\" class=\"attachment-medium size-medium\" alt=\"\" data-no-retina=\"\" srcset=\"https:\/\/przedszkole61.edu.wroclaw.pl\/wp-content\/uploads\/sites\/58\/2025\/09\/zwierzeta-300x169.jpeg 300w, https:\/\/przedszkole61.edu.wroclaw.pl\/wp-content\/uploads\/sites\/58\/2025\/09\/zwierzeta-1024x576.jpeg 1024w, https:\/\/przedszkole61.edu.wroclaw.pl\/wp-content\/uploads\/sites\/58\/2025\/09\/zwierzeta-768x432.jpeg 768w, https:\/\/przedszkole61.edu.wroclaw.pl\/wp-content\/uploads\/sites\/58\/2025\/09\/zwierzeta-1536x864.jpeg 1536w, https:\/\/przedszkole61.edu.wroclaw.pl\/wp-content\/uploads\/sites\/58\/2025\/09\/zwierzeta.jpeg 1600w\" sizes=\"auto, (max-width: 300px) 100vw, 300px\" \/>\r\n\t\t\t\t\t\t<\/div><\/figure><div id='modal-gallery-1-38370' class='mfp-modal-content mfp-hide' tabindex='-1' role='dialog' aria-labelledby='gallery-1-38370' style='max-width: 1600px;><h4 id='gallery-1-38370'>zwierzeta<\/h4><div class='pe-gallery-full-image'><a href=\"https:\/\/przedszkole61.edu.wroclaw.pl\/wp-content\/uploads\/sites\/58\/2025\/09\/zwierzeta.jpeg\"><img loading=\"lazy\" decoding=\"async\" width=\"1600\" height=\"900\" src=\"https:\/\/przedszkole61.edu.wroclaw.pl\/wp-content\/uploads\/sites\/58\/2025\/09\/zwierzeta.jpeg\" class=\"attachment-full size-full\" alt=\"\" data-no-retina=\"\" srcset=\"https:\/\/przedszkole61.edu.wroclaw.pl\/wp-content\/uploads\/sites\/58\/2025\/09\/zwierzeta.jpeg 1600w, https:\/\/przedszkole61.edu.wroclaw.pl\/wp-content\/uploads\/sites\/58\/2025\/09\/zwierzeta-300x169.jpeg 300w, https:\/\/przedszkole61.edu.wroclaw.pl\/wp-content\/uploads\/sites\/58\/2025\/09\/zwierzeta-1024x576.jpeg 1024w, https:\/\/przedszkole61.edu.wroclaw.pl\/wp-content\/uploads\/sites\/58\/2025\/09\/zwierzeta-768x432.jpeg 768w, https:\/\/przedszkole61.edu.wroclaw.pl\/wp-content\/uploads\/sites\/58\/2025\/09\/zwierzeta-1536x864.jpeg 1536w\" sizes=\"auto, (max-width: 1600px) 100vw, 1600px\" \/><\/a><\/div><p><\/p><\/div><\/div><div class='col-md-4'><figure tabindex='0' class='pe-gallery-item pe-gallery-modal' data-mfp-src='#modal-gallery-1-38369'><div class='pe-gallery-image portrait'>\r\n\t\t\t\t\t\t\t<img loading=\"lazy\" decoding=\"async\" width=\"137\" height=\"300\" src=\"https:\/\/przedszkole61.edu.wroclaw.pl\/wp-content\/uploads\/sites\/58\/2025\/09\/wykopki-137x300.jpeg\" class=\"attachment-medium size-medium\" alt=\"\" data-no-retina=\"\" srcset=\"https:\/\/przedszkole61.edu.wroclaw.pl\/wp-content\/uploads\/sites\/58\/2025\/09\/wykopki-137x300.jpeg 137w, https:\/\/przedszkole61.edu.wroclaw.pl\/wp-content\/uploads\/sites\/58\/2025\/09\/wykopki-466x1024.jpeg 466w, https:\/\/przedszkole61.edu.wroclaw.pl\/wp-content\/uploads\/sites\/58\/2025\/09\/wykopki-699x1536.jpeg 699w, https:\/\/przedszkole61.edu.wroclaw.pl\/wp-content\/uploads\/sites\/58\/2025\/09\/wykopki.jpeg 728w\" sizes=\"auto, (max-width: 137px) 100vw, 137px\" \/>\r\n\t\t\t\t\t\t<\/div><\/figure><div id='modal-gallery-1-38369' class='mfp-modal-content mfp-hide' tabindex='-1' role='dialog' aria-labelledby='gallery-1-38369' style='max-width: 728px;><h4 id='gallery-1-38369'>wykopki<\/h4><div class='pe-gallery-full-image'><a href=\"https:\/\/przedszkole61.edu.wroclaw.pl\/wp-content\/uploads\/sites\/58\/2025\/09\/wykopki.jpeg\"><img loading=\"lazy\" decoding=\"async\" width=\"728\" height=\"1600\" src=\"https:\/\/przedszkole61.edu.wroclaw.pl\/wp-content\/uploads\/sites\/58\/2025\/09\/wykopki.jpeg\" class=\"attachment-full size-full\" alt=\"\" data-no-retina=\"\" srcset=\"https:\/\/przedszkole61.edu.wroclaw.pl\/wp-content\/uploads\/sites\/58\/2025\/09\/wykopki.jpeg 728w, https:\/\/przedszkole61.edu.wroclaw.pl\/wp-content\/uploads\/sites\/58\/2025\/09\/wykopki-137x300.jpeg 137w, https:\/\/przedszkole61.edu.wroclaw.pl\/wp-content\/uploads\/sites\/58\/2025\/09\/wykopki-466x1024.jpeg 466w, https:\/\/przedszkole61.edu.wroclaw.pl\/wp-content\/uploads\/sites\/58\/2025\/09\/wykopki-699x1536.jpeg 699w\" sizes=\"auto, (max-width: 728px) 100vw, 728px\" \/><\/a><\/div><p><\/p><\/div><\/div><div class='col-md-4'><figure tabindex='0' class='pe-gallery-item pe-gallery-modal' data-mfp-src='#modal-gallery-1-38368'><div class='pe-gallery-image landscape'>\r\n\t\t\t\t\t\t\t<img loading=\"lazy\" decoding=\"async\" width=\"300\" height=\"181\" src=\"https:\/\/przedszkole61.edu.wroclaw.pl\/wp-content\/uploads\/sites\/58\/2025\/09\/wykopki-WhatsApp-Image-2025-09-27-at-13.45.56-300x181.jpeg\" class=\"attachment-medium size-medium\" alt=\"\" data-no-retina=\"\" srcset=\"https:\/\/przedszkole61.edu.wroclaw.pl\/wp-content\/uploads\/sites\/58\/2025\/09\/wykopki-WhatsApp-Image-2025-09-27-at-13.45.56-300x181.jpeg 300w, https:\/\/przedszkole61.edu.wroclaw.pl\/wp-content\/uploads\/sites\/58\/2025\/09\/wykopki-WhatsApp-Image-2025-09-27-at-13.45.56-1024x619.jpeg 1024w, https:\/\/przedszkole61.edu.wroclaw.pl\/wp-content\/uploads\/sites\/58\/2025\/09\/wykopki-WhatsApp-Image-2025-09-27-at-13.45.56-768x464.jpeg 768w, https:\/\/przedszkole61.edu.wroclaw.pl\/wp-content\/uploads\/sites\/58\/2025\/09\/wykopki-WhatsApp-Image-2025-09-27-at-13.45.56.jpeg 1489w\" sizes=\"auto, (max-width: 300px) 100vw, 300px\" \/>\r\n\t\t\t\t\t\t<\/div><\/figure><div id='modal-gallery-1-38368' class='mfp-modal-content mfp-hide' tabindex='-1' role='dialog' aria-labelledby='gallery-1-38368' style='max-width: 1489px;><h4 id='gallery-1-38368'>wykopki WhatsApp Image 2025-09-27 at 13.45.56<\/h4><div class='pe-gallery-full-image'><a href=\"https:\/\/przedszkole61.edu.wroclaw.pl\/wp-content\/uploads\/sites\/58\/2025\/09\/wykopki-WhatsApp-Image-2025-09-27-at-13.45.56.jpeg\"><img loading=\"lazy\" decoding=\"async\" width=\"1489\" height=\"900\" src=\"https:\/\/przedszkole61.edu.wroclaw.pl\/wp-content\/uploads\/sites\/58\/2025\/09\/wykopki-WhatsApp-Image-2025-09-27-at-13.45.56.jpeg\" class=\"attachment-full size-full\" alt=\"\" data-no-retina=\"\" srcset=\"https:\/\/przedszkole61.edu.wroclaw.pl\/wp-content\/uploads\/sites\/58\/2025\/09\/wykopki-WhatsApp-Image-2025-09-27-at-13.45.56.jpeg 1489w, https:\/\/przedszkole61.edu.wroclaw.pl\/wp-content\/uploads\/sites\/58\/2025\/09\/wykopki-WhatsApp-Image-2025-09-27-at-13.45.56-300x181.jpeg 300w, https:\/\/przedszkole61.edu.wroclaw.pl\/wp-content\/uploads\/sites\/58\/2025\/09\/wykopki-WhatsApp-Image-2025-09-27-at-13.45.56-1024x619.jpeg 1024w, https:\/\/przedszkole61.edu.wroclaw.pl\/wp-content\/uploads\/sites\/58\/2025\/09\/wykopki-WhatsApp-Image-2025-09-27-at-13.45.56-768x464.jpeg 768w\" sizes=\"auto, (max-width: 1489px) 100vw, 1489px\" \/><\/a><\/div><p><\/p><\/div><\/div><div class='col-md-4'><figure tabindex='0' class='pe-gallery-item pe-gallery-modal' data-mfp-src='#modal-gallery-1-38367'><div class='pe-gallery-image landscape'>\r\n\t\t\t\t\t\t\t<img loading=\"lazy\" decoding=\"async\" width=\"300\" height=\"184\" src=\"https:\/\/przedszkole61.edu.wroclaw.pl\/wp-content\/uploads\/sites\/58\/2025\/09\/stoliki-WhatsApp-Image-2025-09-27-at-13.37.37-300x184.jpeg\" class=\"attachment-medium size-medium\" alt=\"\" data-no-retina=\"\" srcset=\"https:\/\/przedszkole61.edu.wroclaw.pl\/wp-content\/uploads\/sites\/58\/2025\/09\/stoliki-WhatsApp-Image-2025-09-27-at-13.37.37-300x184.jpeg 300w, https:\/\/przedszkole61.edu.wroclaw.pl\/wp-content\/uploads\/sites\/58\/2025\/09\/stoliki-WhatsApp-Image-2025-09-27-at-13.37.37-1024x628.jpeg 1024w, https:\/\/przedszkole61.edu.wroclaw.pl\/wp-content\/uploads\/sites\/58\/2025\/09\/stoliki-WhatsApp-Image-2025-09-27-at-13.37.37-768x471.jpeg 768w, https:\/\/przedszkole61.edu.wroclaw.pl\/wp-content\/uploads\/sites\/58\/2025\/09\/stoliki-WhatsApp-Image-2025-09-27-at-13.37.37.jpeg 1443w\" sizes=\"auto, (max-width: 300px) 100vw, 300px\" \/>\r\n\t\t\t\t\t\t<\/div><\/figure><div id='modal-gallery-1-38367' class='mfp-modal-content mfp-hide' tabindex='-1' role='dialog' aria-labelledby='gallery-1-38367' style='max-width: 1443px;><h4 id='gallery-1-38367'>stoliki WhatsApp Image 2025-09-27 at 13.37.37<\/h4><div class='pe-gallery-full-image'><a href=\"https:\/\/przedszkole61.edu.wroclaw.pl\/wp-content\/uploads\/sites\/58\/2025\/09\/stoliki-WhatsApp-Image-2025-09-27-at-13.37.37.jpeg\"><img loading=\"lazy\" decoding=\"async\" width=\"1443\" height=\"885\" src=\"https:\/\/przedszkole61.edu.wroclaw.pl\/wp-content\/uploads\/sites\/58\/2025\/09\/stoliki-WhatsApp-Image-2025-09-27-at-13.37.37.jpeg\" class=\"attachment-full size-full\" alt=\"\" data-no-retina=\"\" srcset=\"https:\/\/przedszkole61.edu.wroclaw.pl\/wp-content\/uploads\/sites\/58\/2025\/09\/stoliki-WhatsApp-Image-2025-09-27-at-13.37.37.jpeg 1443w, https:\/\/przedszkole61.edu.wroclaw.pl\/wp-content\/uploads\/sites\/58\/2025\/09\/stoliki-WhatsApp-Image-2025-09-27-at-13.37.37-300x184.jpeg 300w, https:\/\/przedszkole61.edu.wroclaw.pl\/wp-content\/uploads\/sites\/58\/2025\/09\/stoliki-WhatsApp-Image-2025-09-27-at-13.37.37-1024x628.jpeg 1024w, https:\/\/przedszkole61.edu.wroclaw.pl\/wp-content\/uploads\/sites\/58\/2025\/09\/stoliki-WhatsApp-Image-2025-09-27-at-13.37.37-768x471.jpeg 768w\" sizes=\"auto, (max-width: 1443px) 100vw, 1443px\" \/><\/a><\/div><p><\/p><\/div><\/div><div class='col-md-4'><figure tabindex='0' class='pe-gallery-item pe-gallery-modal' data-mfp-src='#modal-gallery-1-38366'><div class='pe-gallery-image portrait'>\r\n\t\t\t\t\t\t\t<img loading=\"lazy\" decoding=\"async\" width=\"169\" height=\"300\" src=\"https:\/\/przedszkole61.edu.wroclaw.pl\/wp-content\/uploads\/sites\/58\/2025\/09\/plac-zabaw-WhatsApp-Image-2025-09-27-at-13.38.37-169x300.jpeg\" class=\"attachment-medium size-medium\" alt=\"\" data-no-retina=\"\" srcset=\"https:\/\/przedszkole61.edu.wroclaw.pl\/wp-content\/uploads\/sites\/58\/2025\/09\/plac-zabaw-WhatsApp-Image-2025-09-27-at-13.38.37-169x300.jpeg 169w, https:\/\/przedszkole61.edu.wroclaw.pl\/wp-content\/uploads\/sites\/58\/2025\/09\/plac-zabaw-WhatsApp-Image-2025-09-27-at-13.38.37-576x1024.jpeg 576w, https:\/\/przedszkole61.edu.wroclaw.pl\/wp-content\/uploads\/sites\/58\/2025\/09\/plac-zabaw-WhatsApp-Image-2025-09-27-at-13.38.37-768x1365.jpeg 768w, https:\/\/przedszkole61.edu.wroclaw.pl\/wp-content\/uploads\/sites\/58\/2025\/09\/plac-zabaw-WhatsApp-Image-2025-09-27-at-13.38.37-864x1536.jpeg 864w, https:\/\/przedszkole61.edu.wroclaw.pl\/wp-content\/uploads\/sites\/58\/2025\/09\/plac-zabaw-WhatsApp-Image-2025-09-27-at-13.38.37.jpeg 900w\" sizes=\"auto, (max-width: 169px) 100vw, 169px\" \/>\r\n\t\t\t\t\t\t<\/div><\/figure><div id='modal-gallery-1-38366' class='mfp-modal-content mfp-hide' tabindex='-1' role='dialog' aria-labelledby='gallery-1-38366' style='max-width: 900px;><h4 id='gallery-1-38366'>plac zabaw WhatsApp Image 2025-09-27 at 13.38.37<\/h4><div class='pe-gallery-full-image'><a href=\"https:\/\/przedszkole61.edu.wroclaw.pl\/wp-content\/uploads\/sites\/58\/2025\/09\/plac-zabaw-WhatsApp-Image-2025-09-27-at-13.38.37.jpeg\"><img loading=\"lazy\" decoding=\"async\" width=\"900\" height=\"1600\" src=\"https:\/\/przedszkole61.edu.wroclaw.pl\/wp-content\/uploads\/sites\/58\/2025\/09\/plac-zabaw-WhatsApp-Image-2025-09-27-at-13.38.37.jpeg\" class=\"attachment-full size-full\" alt=\"\" data-no-retina=\"\" srcset=\"https:\/\/przedszkole61.edu.wroclaw.pl\/wp-content\/uploads\/sites\/58\/2025\/09\/plac-zabaw-WhatsApp-Image-2025-09-27-at-13.38.37.jpeg 900w, https:\/\/przedszkole61.edu.wroclaw.pl\/wp-content\/uploads\/sites\/58\/2025\/09\/plac-zabaw-WhatsApp-Image-2025-09-27-at-13.38.37-169x300.jpeg 169w, https:\/\/przedszkole61.edu.wroclaw.pl\/wp-content\/uploads\/sites\/58\/2025\/09\/plac-zabaw-WhatsApp-Image-2025-09-27-at-13.38.37-576x1024.jpeg 576w, https:\/\/przedszkole61.edu.wroclaw.pl\/wp-content\/uploads\/sites\/58\/2025\/09\/plac-zabaw-WhatsApp-Image-2025-09-27-at-13.38.37-768x1365.jpeg 768w, https:\/\/przedszkole61.edu.wroclaw.pl\/wp-content\/uploads\/sites\/58\/2025\/09\/plac-zabaw-WhatsApp-Image-2025-09-27-at-13.38.37-864x1536.jpeg 864w\" sizes=\"auto, (max-width: 900px) 100vw, 900px\" \/><\/a><\/div><p><\/p><\/div><\/div><div class='col-md-4'><figure tabindex='0' class='pe-gallery-item pe-gallery-modal' data-mfp-src='#modal-gallery-1-38365'><div class='pe-gallery-image landscape'>\r\n\t\t\t\t\t\t\t<img loading=\"lazy\" decoding=\"async\" width=\"300\" height=\"225\" src=\"https:\/\/przedszkole61.edu.wroclaw.pl\/wp-content\/uploads\/sites\/58\/2025\/09\/jezyki-300x225.jpeg\" class=\"attachment-medium size-medium\" alt=\"\" data-no-retina=\"\" srcset=\"https:\/\/przedszkole61.edu.wroclaw.pl\/wp-content\/uploads\/sites\/58\/2025\/09\/jezyki-300x225.jpeg 300w, https:\/\/przedszkole61.edu.wroclaw.pl\/wp-content\/uploads\/sites\/58\/2025\/09\/jezyki-768x576.jpeg 768w, https:\/\/przedszkole61.edu.wroclaw.pl\/wp-content\/uploads\/sites\/58\/2025\/09\/jezyki.jpeg 819w\" sizes=\"auto, (max-width: 300px) 100vw, 300px\" \/>\r\n\t\t\t\t\t\t<\/div><\/figure><div id='modal-gallery-1-38365' class='mfp-modal-content mfp-hide' tabindex='-1' role='dialog' aria-labelledby='gallery-1-38365' style='max-width: 819px;><h4 id='gallery-1-38365'>jezyki<\/h4><div class='pe-gallery-full-image'><a href=\"https:\/\/przedszkole61.edu.wroclaw.pl\/wp-content\/uploads\/sites\/58\/2025\/09\/jezyki.jpeg\"><img loading=\"lazy\" decoding=\"async\" width=\"819\" height=\"614\" src=\"https:\/\/przedszkole61.edu.wroclaw.pl\/wp-content\/uploads\/sites\/58\/2025\/09\/jezyki.jpeg\" class=\"attachment-full size-full\" alt=\"\" data-no-retina=\"\" srcset=\"https:\/\/przedszkole61.edu.wroclaw.pl\/wp-content\/uploads\/sites\/58\/2025\/09\/jezyki.jpeg 819w, https:\/\/przedszkole61.edu.wroclaw.pl\/wp-content\/uploads\/sites\/58\/2025\/09\/jezyki-300x225.jpeg 300w, https:\/\/przedszkole61.edu.wroclaw.pl\/wp-content\/uploads\/sites\/58\/2025\/09\/jezyki-768x576.jpeg 768w\" sizes=\"auto, (max-width: 819px) 100vw, 819px\" \/><\/a><\/div><p><\/p><\/div><\/div><\/div><\/div>\n\n","protected":false},"excerpt":{"rendered":"<p>26 wrze\u015bnia dzieci z grupy II , III , IV oraz V wzi\u0119\u0142y udzia\u0142 w wycieczce do zagrody rolnej w Krzeptowie, gdzie pozna\u0142y histori\u0119 ziemniaka oraz proces jego uprawy. Najwi\u0119ksz\u0105 [&hellip;]<\/p>\n","protected":false},"author":465,"featured_media":38368,"comment_status":"closed","ping_status":"closed","sticky":false,"template":"","format":"standard","meta":{"ngg_post_thumbnail":0,"footnotes":""},"categories":[8],"tags":[],"class_list":["post-38364","post","type-post","status-publish","format-standard","has-post-thumbnail","hentry","category-wydarzenia","clearfix"],"_links":{"self":[{"href":"https:\/\/przedszkole61.edu.wroclaw.pl\/index.php\/wp-json\/wp\/v2\/posts\/38364","targetHints":{"allow":["GET"]}}],"collection":[{"href":"https:\/\/przedszkole61.edu.wroclaw.pl\/index.php\/wp-json\/wp\/v2\/posts"}],"about":[{"href":"https:\/\/przedszkole61.edu.wroclaw.pl\/index.php\/wp-json\/wp\/v2\/types\/post"}],"author":[{"embeddable":true,"href":"https:\/\/przedszkole61.edu.wroclaw.pl\/index.php\/wp-json\/wp\/v2\/users\/465"}],"replies":[{"embeddable":true,"href":"https:\/\/przedszkole61.edu.wroclaw.pl\/index.php\/wp-json\/wp\/v2\/comments?post=38364"}],"version-history":[{"count":3,"href":"https:\/\/przedszkole61.edu.wroclaw.pl\/index.php\/wp-json\/wp\/v2\/posts\/38364\/revisions"}],"predecessor-version":[{"id":38376,"href":"https:\/\/przedszkole61.edu.wroclaw.pl\/index.php\/wp-json\/wp\/v2\/posts\/38364\/revisions\/38376"}],"wp:featuredmedia":[{"embeddable":true,"href":"https:\/\/przedszkole61.edu.wroclaw.pl\/index.php\/wp-json\/wp\/v2\/media\/38368"}],"wp:attachment":[{"href":"https:\/\/przedszkole61.edu.wroclaw.pl\/index.php\/wp-json\/wp\/v2\/media?parent=38364"}],"wp:term":[{"taxonomy":"category","embeddable":true,"href":"https:\/\/przedszkole61.edu.wroclaw.pl\/index.php\/wp-json\/wp\/v2\/categories?post=38364"},{"taxonomy":"post_tag","embeddable":true,"href":"https:\/\/przedszkole61.edu.wroclaw.pl\/index.php\/wp-json\/wp\/v2\/tags?post=38364"}],"curies":[{"name":"wp","href":"https:\/\/api.w.org\/{rel}","templated":true}]}}