
{"id":38377,"date":"2025-09-27T22:45:00","date_gmt":"2025-09-27T20:45:00","guid":{"rendered":"https:\/\/przedszkole61.edu.wroclaw.pl\/?p=38377"},"modified":"2025-10-16T22:12:45","modified_gmt":"2025-10-16T20:12:45","slug":"czuciaki-z-krainy-emocji-projekt-edukacyjny","status":"publish","type":"post","link":"https:\/\/przedszkole61.edu.wroclaw.pl\/index.php\/2025\/09\/27\/czuciaki-z-krainy-emocji-projekt-edukacyjny\/","title":{"rendered":"Czuciaki z Krainy Emocji Projekt edukacyjny"},"content":{"rendered":"<p>Z rado\u015bci\u0105 informujemy, \u017ce grupa III, IV oraz V do\u0142\u0105czy\u0142y do wyj\u0105tkowego projektu wspieraj\u0105cego rozw\u00f3j inteligencji emocjonalnej \u2013 Czuciaki w Krainie Emocji z Bli\u017cej przedszkola.<\/p>\n<p>Celem projektu jest wspieranie dzieci w rozpoznawaniu i nazywaniu emocji, budowaniu samo\u015bwiadomo\u015bci oraz umiej\u0119tno\u015bci regulowania swoich uczu\u0107.<\/p>\n<p>W ramach projektu ka\u017cda z grup raz w miesi\u0105cu poznaje jednego z bohater\u00f3w reprezentuj\u0105cych konkretn\u0105 emocj\u0119, odwiedzaj\u0105c kolejne wyspy w niezwyk\u0142ej Krainie Emocji. Podczas zaj\u0119\u0107 przedszkolaki s\u0142uchaj\u0105 bajki psychoedukacyjnej z ilustracjami oraz wykonuj\u0105 r\u00f3\u017cnorodne aktywno\u015bci, kt\u00f3re zapisuj\u0105 w swoich Ksi\u0105\u017ceczkach Emocji.<\/p>\n<p>We wrze\u015bniu przedszkolaki wyruszy\u0142y w emocjonaln\u0105 podr\u00f3\u017c i pozna\u0142y \u015amieszk\u0119 z Wyspy Rado\u015bci. Dzieci z entuzjazmem wykona\u0142y swoje pierwsze zadania w ksi\u0105\u017ceczkach, a w salach przedszkolnych rozbrzmia\u0142a piosenka o Czuciakach, kt\u00f3r\u0105 dzieci z rado\u015bci\u0105 \u015bpiewaj\u0105 ka\u017cdego dnia.<\/p>\n<p>Zaj\u0119cia ciesz\u0105 si\u0119 du\u017cym zainteresowaniem, a materia\u0142y przygotowane przez nauczycieli s\u0105 nie tylko atrakcyjne, ale tak\u017ce niezwykle warto\u015bciowe edukacyjnie.<\/p>\n<p>Ciekawe, kt\u00f3ry Czuciak odwiedzi nasze Skrzaty Gajowickie w pa\u017adzierniku?<br \/>\nO tym przekonamy si\u0119 ju\u017c wkr\u00f3tce! \ud83d\ude0a<\/p>\n<p>&nbsp;<\/p>\n<div id='pe-gallery-1' class='pe-gallery pe-gallery-38377 columns-4 img-size-medium'><div class='pe-row'><div class='col-md-3'><figure tabindex='0' class='pe-gallery-item pe-gallery-modal' data-mfp-src='#modal-gallery-1-38382'><div class='pe-gallery-image portrait'>\r\n\t\t\t\t\t\t\t<img loading=\"lazy\" decoding=\"async\" width=\"169\" height=\"300\" src=\"https:\/\/przedszkole61.edu.wroclaw.pl\/wp-content\/uploads\/sites\/58\/2025\/09\/WhatsApp-Image-2025-09-27-at-22.20.09-169x300.jpeg\" class=\"attachment-medium size-medium\" alt=\"\" data-no-retina=\"\" srcset=\"https:\/\/przedszkole61.edu.wroclaw.pl\/wp-content\/uploads\/sites\/58\/2025\/09\/WhatsApp-Image-2025-09-27-at-22.20.09-169x300.jpeg 169w, https:\/\/przedszkole61.edu.wroclaw.pl\/wp-content\/uploads\/sites\/58\/2025\/09\/WhatsApp-Image-2025-09-27-at-22.20.09-576x1024.jpeg 576w, https:\/\/przedszkole61.edu.wroclaw.pl\/wp-content\/uploads\/sites\/58\/2025\/09\/WhatsApp-Image-2025-09-27-at-22.20.09-768x1365.jpeg 768w, https:\/\/przedszkole61.edu.wroclaw.pl\/wp-content\/uploads\/sites\/58\/2025\/09\/WhatsApp-Image-2025-09-27-at-22.20.09-864x1536.jpeg 864w, https:\/\/przedszkole61.edu.wroclaw.pl\/wp-content\/uploads\/sites\/58\/2025\/09\/WhatsApp-Image-2025-09-27-at-22.20.09.jpeg 900w\" sizes=\"auto, (max-width: 169px) 100vw, 169px\" \/>\r\n\t\t\t\t\t\t<\/div><\/figure><div id='modal-gallery-1-38382' class='mfp-modal-content mfp-hide' tabindex='-1' role='dialog' aria-labelledby='gallery-1-38382' style='max-width: 900px;><h4 id='gallery-1-38382'>WhatsApp Image 2025-09-27 at 22.20.09<\/h4><div class='pe-gallery-full-image'><a href=\"https:\/\/przedszkole61.edu.wroclaw.pl\/wp-content\/uploads\/sites\/58\/2025\/09\/WhatsApp-Image-2025-09-27-at-22.20.09.jpeg\"><img loading=\"lazy\" decoding=\"async\" width=\"900\" height=\"1600\" src=\"https:\/\/przedszkole61.edu.wroclaw.pl\/wp-content\/uploads\/sites\/58\/2025\/09\/WhatsApp-Image-2025-09-27-at-22.20.09.jpeg\" class=\"attachment-full size-full\" alt=\"\" data-no-retina=\"\" srcset=\"https:\/\/przedszkole61.edu.wroclaw.pl\/wp-content\/uploads\/sites\/58\/2025\/09\/WhatsApp-Image-2025-09-27-at-22.20.09.jpeg 900w, https:\/\/przedszkole61.edu.wroclaw.pl\/wp-content\/uploads\/sites\/58\/2025\/09\/WhatsApp-Image-2025-09-27-at-22.20.09-169x300.jpeg 169w, https:\/\/przedszkole61.edu.wroclaw.pl\/wp-content\/uploads\/sites\/58\/2025\/09\/WhatsApp-Image-2025-09-27-at-22.20.09-576x1024.jpeg 576w, https:\/\/przedszkole61.edu.wroclaw.pl\/wp-content\/uploads\/sites\/58\/2025\/09\/WhatsApp-Image-2025-09-27-at-22.20.09-768x1365.jpeg 768w, https:\/\/przedszkole61.edu.wroclaw.pl\/wp-content\/uploads\/sites\/58\/2025\/09\/WhatsApp-Image-2025-09-27-at-22.20.09-864x1536.jpeg 864w\" sizes=\"auto, (max-width: 900px) 100vw, 900px\" \/><\/a><\/div><p><\/p><\/div><\/div><div class='col-md-3'><figure tabindex='0' class='pe-gallery-item pe-gallery-modal' data-mfp-src='#modal-gallery-1-38381'><div class='pe-gallery-image portrait'>\r\n\t\t\t\t\t\t\t<img loading=\"lazy\" decoding=\"async\" width=\"225\" height=\"300\" src=\"https:\/\/przedszkole61.edu.wroclaw.pl\/wp-content\/uploads\/sites\/58\/2025\/09\/WhatsApp-Image-2025-09-27-at-22.19.09-225x300.jpeg\" class=\"attachment-medium size-medium\" alt=\"\" data-no-retina=\"\" srcset=\"https:\/\/przedszkole61.edu.wroclaw.pl\/wp-content\/uploads\/sites\/58\/2025\/09\/WhatsApp-Image-2025-09-27-at-22.19.09-225x300.jpeg 225w, https:\/\/przedszkole61.edu.wroclaw.pl\/wp-content\/uploads\/sites\/58\/2025\/09\/WhatsApp-Image-2025-09-27-at-22.19.09-768x1024.jpeg 768w, https:\/\/przedszkole61.edu.wroclaw.pl\/wp-content\/uploads\/sites\/58\/2025\/09\/WhatsApp-Image-2025-09-27-at-22.19.09.jpeg 900w\" sizes=\"auto, (max-width: 225px) 100vw, 225px\" \/>\r\n\t\t\t\t\t\t<\/div><\/figure><div id='modal-gallery-1-38381' class='mfp-modal-content mfp-hide' tabindex='-1' role='dialog' aria-labelledby='gallery-1-38381' style='max-width: 900px;><h4 id='gallery-1-38381'>WhatsApp Image 2025-09-27 at 22.19.09<\/h4><div class='pe-gallery-full-image'><a href=\"https:\/\/przedszkole61.edu.wroclaw.pl\/wp-content\/uploads\/sites\/58\/2025\/09\/WhatsApp-Image-2025-09-27-at-22.19.09.jpeg\"><img loading=\"lazy\" decoding=\"async\" width=\"900\" height=\"1200\" src=\"https:\/\/przedszkole61.edu.wroclaw.pl\/wp-content\/uploads\/sites\/58\/2025\/09\/WhatsApp-Image-2025-09-27-at-22.19.09.jpeg\" class=\"attachment-full size-full\" alt=\"\" data-no-retina=\"\" srcset=\"https:\/\/przedszkole61.edu.wroclaw.pl\/wp-content\/uploads\/sites\/58\/2025\/09\/WhatsApp-Image-2025-09-27-at-22.19.09.jpeg 900w, https:\/\/przedszkole61.edu.wroclaw.pl\/wp-content\/uploads\/sites\/58\/2025\/09\/WhatsApp-Image-2025-09-27-at-22.19.09-225x300.jpeg 225w, https:\/\/przedszkole61.edu.wroclaw.pl\/wp-content\/uploads\/sites\/58\/2025\/09\/WhatsApp-Image-2025-09-27-at-22.19.09-768x1024.jpeg 768w\" sizes=\"auto, (max-width: 900px) 100vw, 900px\" \/><\/a><\/div><p><\/p><\/div><\/div><div class='col-md-3'><figure tabindex='0' class='pe-gallery-item pe-gallery-modal' data-mfp-src='#modal-gallery-1-38379'><div class='pe-gallery-image portrait'>\r\n\t\t\t\t\t\t\t<img loading=\"lazy\" decoding=\"async\" width=\"225\" height=\"300\" src=\"https:\/\/przedszkole61.edu.wroclaw.pl\/wp-content\/uploads\/sites\/58\/2025\/09\/WhatsApp-Image-2025-09-27-at-22.19.09-1-225x300.jpeg\" class=\"attachment-medium size-medium\" alt=\"\" data-no-retina=\"\" srcset=\"https:\/\/przedszkole61.edu.wroclaw.pl\/wp-content\/uploads\/sites\/58\/2025\/09\/WhatsApp-Image-2025-09-27-at-22.19.09-1-225x300.jpeg 225w, https:\/\/przedszkole61.edu.wroclaw.pl\/wp-content\/uploads\/sites\/58\/2025\/09\/WhatsApp-Image-2025-09-27-at-22.19.09-1-768x1024.jpeg 768w, https:\/\/przedszkole61.edu.wroclaw.pl\/wp-content\/uploads\/sites\/58\/2025\/09\/WhatsApp-Image-2025-09-27-at-22.19.09-1.jpeg 900w\" sizes=\"auto, (max-width: 225px) 100vw, 225px\" \/>\r\n\t\t\t\t\t\t<\/div><\/figure><div id='modal-gallery-1-38379' class='mfp-modal-content mfp-hide' tabindex='-1' role='dialog' aria-labelledby='gallery-1-38379' style='max-width: 900px;><h4 id='gallery-1-38379'>WhatsApp Image 2025-09-27 at 22.19.09 (1)<\/h4><div class='pe-gallery-full-image'><a href=\"https:\/\/przedszkole61.edu.wroclaw.pl\/wp-content\/uploads\/sites\/58\/2025\/09\/WhatsApp-Image-2025-09-27-at-22.19.09-1.jpeg\"><img loading=\"lazy\" decoding=\"async\" width=\"900\" height=\"1200\" src=\"https:\/\/przedszkole61.edu.wroclaw.pl\/wp-content\/uploads\/sites\/58\/2025\/09\/WhatsApp-Image-2025-09-27-at-22.19.09-1.jpeg\" class=\"attachment-full size-full\" alt=\"\" data-no-retina=\"\" srcset=\"https:\/\/przedszkole61.edu.wroclaw.pl\/wp-content\/uploads\/sites\/58\/2025\/09\/WhatsApp-Image-2025-09-27-at-22.19.09-1.jpeg 900w, https:\/\/przedszkole61.edu.wroclaw.pl\/wp-content\/uploads\/sites\/58\/2025\/09\/WhatsApp-Image-2025-09-27-at-22.19.09-1-225x300.jpeg 225w, https:\/\/przedszkole61.edu.wroclaw.pl\/wp-content\/uploads\/sites\/58\/2025\/09\/WhatsApp-Image-2025-09-27-at-22.19.09-1-768x1024.jpeg 768w\" sizes=\"auto, (max-width: 900px) 100vw, 900px\" \/><\/a><\/div><p><\/p><\/div><\/div><div class='col-md-3'><figure tabindex='0' class='pe-gallery-item pe-gallery-modal' data-mfp-src='#modal-gallery-1-38378'><div class='pe-gallery-image landscape'>\r\n\t\t\t\t\t\t\t<img loading=\"lazy\" decoding=\"async\" width=\"300\" height=\"225\" src=\"https:\/\/przedszkole61.edu.wroclaw.pl\/wp-content\/uploads\/sites\/58\/2025\/09\/WhatsApp-Image-2025-09-27-at-22.19.08-300x225.jpeg\" class=\"attachment-medium size-medium\" alt=\"\" data-no-retina=\"\" srcset=\"https:\/\/przedszkole61.edu.wroclaw.pl\/wp-content\/uploads\/sites\/58\/2025\/09\/WhatsApp-Image-2025-09-27-at-22.19.08-300x225.jpeg 300w, https:\/\/przedszkole61.edu.wroclaw.pl\/wp-content\/uploads\/sites\/58\/2025\/09\/WhatsApp-Image-2025-09-27-at-22.19.08-768x576.jpeg 768w, https:\/\/przedszkole61.edu.wroclaw.pl\/wp-content\/uploads\/sites\/58\/2025\/09\/WhatsApp-Image-2025-09-27-at-22.19.08.jpeg 800w\" sizes=\"auto, (max-width: 300px) 100vw, 300px\" \/>\r\n\t\t\t\t\t\t<\/div><\/figure><div id='modal-gallery-1-38378' class='mfp-modal-content mfp-hide' tabindex='-1' role='dialog' aria-labelledby='gallery-1-38378' style='max-width: 800px;><h4 id='gallery-1-38378'>WhatsApp Image 2025-09-27 at 22.19.08<\/h4><div class='pe-gallery-full-image'><a href=\"https:\/\/przedszkole61.edu.wroclaw.pl\/wp-content\/uploads\/sites\/58\/2025\/09\/WhatsApp-Image-2025-09-27-at-22.19.08.jpeg\"><img loading=\"lazy\" decoding=\"async\" width=\"800\" height=\"600\" src=\"https:\/\/przedszkole61.edu.wroclaw.pl\/wp-content\/uploads\/sites\/58\/2025\/09\/WhatsApp-Image-2025-09-27-at-22.19.08.jpeg\" class=\"attachment-full size-full\" alt=\"\" data-no-retina=\"\" srcset=\"https:\/\/przedszkole61.edu.wroclaw.pl\/wp-content\/uploads\/sites\/58\/2025\/09\/WhatsApp-Image-2025-09-27-at-22.19.08.jpeg 800w, https:\/\/przedszkole61.edu.wroclaw.pl\/wp-content\/uploads\/sites\/58\/2025\/09\/WhatsApp-Image-2025-09-27-at-22.19.08-300x225.jpeg 300w, https:\/\/przedszkole61.edu.wroclaw.pl\/wp-content\/uploads\/sites\/58\/2025\/09\/WhatsApp-Image-2025-09-27-at-22.19.08-768x576.jpeg 768w\" sizes=\"auto, (max-width: 800px) 100vw, 800px\" \/><\/a><\/div><p><\/p><\/div><\/div><\/div><\/div>\n\n<p>&nbsp;<\/p>\n","protected":false},"excerpt":{"rendered":"<p>Z rado\u015bci\u0105 informujemy, \u017ce grupa III, IV oraz V do\u0142\u0105czy\u0142y do wyj\u0105tkowego projektu wspieraj\u0105cego rozw\u00f3j inteligencji emocjonalnej \u2013 Czuciaki w Krainie Emocji z Bli\u017cej przedszkola. Celem projektu jest wspieranie dzieci [&hellip;]<\/p>\n","protected":false},"author":465,"featured_media":38380,"comment_status":"closed","ping_status":"closed","sticky":false,"template":"","format":"standard","meta":{"ngg_post_thumbnail":0,"footnotes":""},"categories":[8],"tags":[],"class_list":["post-38377","post","type-post","status-publish","format-standard","has-post-thumbnail","hentry","category-wydarzenia","clearfix"],"_links":{"self":[{"href":"https:\/\/przedszkole61.edu.wroclaw.pl\/index.php\/wp-json\/wp\/v2\/posts\/38377","targetHints":{"allow":["GET"]}}],"collection":[{"href":"https:\/\/przedszkole61.edu.wroclaw.pl\/index.php\/wp-json\/wp\/v2\/posts"}],"about":[{"href":"https:\/\/przedszkole61.edu.wroclaw.pl\/index.php\/wp-json\/wp\/v2\/types\/post"}],"author":[{"embeddable":true,"href":"https:\/\/przedszkole61.edu.wroclaw.pl\/index.php\/wp-json\/wp\/v2\/users\/465"}],"replies":[{"embeddable":true,"href":"https:\/\/przedszkole61.edu.wroclaw.pl\/index.php\/wp-json\/wp\/v2\/comments?post=38377"}],"version-history":[{"count":6,"href":"https:\/\/przedszkole61.edu.wroclaw.pl\/index.php\/wp-json\/wp\/v2\/posts\/38377\/revisions"}],"predecessor-version":[{"id":38541,"href":"https:\/\/przedszkole61.edu.wroclaw.pl\/index.php\/wp-json\/wp\/v2\/posts\/38377\/revisions\/38541"}],"wp:featuredmedia":[{"embeddable":true,"href":"https:\/\/przedszkole61.edu.wroclaw.pl\/index.php\/wp-json\/wp\/v2\/media\/38380"}],"wp:attachment":[{"href":"https:\/\/przedszkole61.edu.wroclaw.pl\/index.php\/wp-json\/wp\/v2\/media?parent=38377"}],"wp:term":[{"taxonomy":"category","embeddable":true,"href":"https:\/\/przedszkole61.edu.wroclaw.pl\/index.php\/wp-json\/wp\/v2\/categories?post=38377"},{"taxonomy":"post_tag","embeddable":true,"href":"https:\/\/przedszkole61.edu.wroclaw.pl\/index.php\/wp-json\/wp\/v2\/tags?post=38377"}],"curies":[{"name":"wp","href":"https:\/\/api.w.org\/{rel}","templated":true}]}}