
{"id":38417,"date":"2025-10-02T20:50:39","date_gmt":"2025-10-02T18:50:39","guid":{"rendered":"https:\/\/przedszkole61.edu.wroclaw.pl\/?p=38417"},"modified":"2025-10-02T21:10:36","modified_gmt":"2025-10-02T19:10:36","slug":"38417","status":"publish","type":"post","link":"https:\/\/przedszkole61.edu.wroclaw.pl\/index.php\/2025\/10\/02\/38417\/","title":{"rendered":""},"content":{"rendered":"<p><strong>Drodzy Rodzice!<\/strong><\/p>\n<p><strong>\u00a0<\/strong>W zwi\u0105zku ze zg\u0142oszeniem\u00a0 przypadku wyst\u0105pienia wszawicy w naszym przedszkolu, <u>prosimy o systematyczne sprawdzanie czysto\u015bci sk\u00f3ry g\u0142owy i w\u0142os\u00f3w u dzieci.<\/u><!--more--><\/p>\n<p><strong>W przypadku podejrzenia zaka\u017cenia wszawic\u0105, nale\u017cy podj\u0105\u0107 wszystkie czynno\u015bci prowadz\u0105ce do likwidacji choroby.<\/strong><\/p>\n<p><strong>Prosimy o zapoznanie si\u0119 z zamieszczon\u0105 poni\u017cej informacj\u0105 na temat wszawicy.<\/strong><\/p>\n<p>Wszawica to choroba zaka\u017ana i wymaga leczenia. Powoduje ona szybkie zara\u017canie si\u0119 dzieci, a w zwi\u0105zku z tym r\u00f3wnie\u017c innych cz\u0142onk\u00f3w rodziny, a nieleczona powoduje du\u017cy dyskomfort dla dziecka i stanowi powa\u017cn\u0105 przyczyn\u0119 chor\u00f3b sk\u00f3ry. Zaka\u017cenie mo\u017ce nast\u0105pi\u0107 w szkole, przedszkolu, ale r\u00f3wnie\u017c w czasie pobytu w salach zabaw, na basenie (suszarki), na zaj\u0119ciach w innych instytucjach, gdzie nast\u0119puje bezpo\u015bredni kontakt z dzie\u0107mi a tak\u017ce w du\u017cych skupiskach ludno\u015bci (sklepy, kina, \u015brodki transportu, itp.)<\/p>\n<p>Wi\u0119cej informacji na stronie Powiatowej Stacji Sanitarno \u2013 Epidemiologicznej we Wroc\u0142awiu <strong>w<\/strong><a href=\"http:\/\/www.psse.wroc.pl\/\"><strong>ww.psse.wroc.pl <\/strong><\/a><\/p>\n<p><strong>Zach\u0119camy r\u00f3wnie\u017c do zapoznania si\u0119 z ulotkami:<\/strong><\/p>\n<p><a href=\"https:\/\/sp28.wroc.pl\/wp-content\/uploads\/2017\/11\/Wszy-folder.pdf\">\u201ePedikuloza czyli co Twoje dziecko mo\u017ce mie\u0107 na g\u0142owie\u201d<\/a><\/p>\n<p><a href=\"https:\/\/www.google.com\/url?sa=t&amp;source=web&amp;rct=j&amp;opi=89978449&amp;url=https:\/\/www.pzh.gov.pl\/wszawica-glowowa\/&amp;ved=2ahUKEwidgreqmIaQAxWcQvEDHaOsEAwQFnoECEQQAQ&amp;usg=AOvVaw0JZ7T-87Qu7GdAgRKpYIk1\">\u201eWszawica g\u0142owowa czyli jak pokona\u0107 mity, wstyd i paso\u017cyty\u201d<\/a><\/p>\n<p><a href=\"https:\/\/www.google.com\/url?sa=t&amp;source=web&amp;rct=j&amp;opi=89978449&amp;url=https:\/\/www.gov.pl\/web\/psse-sandomierz\/pedikuloza---czyli-co-twoje-dziecko-moze-miec-na-glowie&amp;ved=2ahUKEwi6ydjDmIaQAxVKBNsEHdAfLKwQFnoECCIQAQ&amp;usg=AOvVaw3HQe7aYEbL4Yx2q-gSdat2\">\u201ePedikuloza\u201d<\/a><\/p>\n<p>Je\u015bli pojawi\u0105 si\u0119 przypadki wyst\u0105pienia wszawicy prosz\u0119 o \u00a0niezw\u0142oczne informowanie o tym fakcie wychowawc\u00f3w grup.<\/p>\n<p><strong>W weekend w przedszkolu b\u0119d\u0105 ozonowane wszystkie sale i toalety.<\/strong><\/p>\n<p>&nbsp;<\/p>\n","protected":false},"excerpt":{"rendered":"<p>Drodzy Rodzice! \u00a0W zwi\u0105zku ze zg\u0142oszeniem\u00a0 przypadku wyst\u0105pienia wszawicy w naszym przedszkolu, prosimy o systematyczne sprawdzanie czysto\u015bci sk\u00f3ry g\u0142owy i w\u0142os\u00f3w u dzieci.<\/p>\n","protected":false},"author":241,"featured_media":31822,"comment_status":"closed","ping_status":"closed","sticky":false,"template":"","format":"standard","meta":{"ngg_post_thumbnail":0,"footnotes":""},"categories":[1],"tags":[],"class_list":["post-38417","post","type-post","status-publish","format-standard","has-post-thumbnail","hentry","category-aktualnosci","clearfix"],"_links":{"self":[{"href":"https:\/\/przedszkole61.edu.wroclaw.pl\/index.php\/wp-json\/wp\/v2\/posts\/38417","targetHints":{"allow":["GET"]}}],"collection":[{"href":"https:\/\/przedszkole61.edu.wroclaw.pl\/index.php\/wp-json\/wp\/v2\/posts"}],"about":[{"href":"https:\/\/przedszkole61.edu.wroclaw.pl\/index.php\/wp-json\/wp\/v2\/types\/post"}],"author":[{"embeddable":true,"href":"https:\/\/przedszkole61.edu.wroclaw.pl\/index.php\/wp-json\/wp\/v2\/users\/241"}],"replies":[{"embeddable":true,"href":"https:\/\/przedszkole61.edu.wroclaw.pl\/index.php\/wp-json\/wp\/v2\/comments?post=38417"}],"version-history":[{"count":5,"href":"https:\/\/przedszkole61.edu.wroclaw.pl\/index.php\/wp-json\/wp\/v2\/posts\/38417\/revisions"}],"predecessor-version":[{"id":38422,"href":"https:\/\/przedszkole61.edu.wroclaw.pl\/index.php\/wp-json\/wp\/v2\/posts\/38417\/revisions\/38422"}],"wp:featuredmedia":[{"embeddable":true,"href":"https:\/\/przedszkole61.edu.wroclaw.pl\/index.php\/wp-json\/wp\/v2\/media\/31822"}],"wp:attachment":[{"href":"https:\/\/przedszkole61.edu.wroclaw.pl\/index.php\/wp-json\/wp\/v2\/media?parent=38417"}],"wp:term":[{"taxonomy":"category","embeddable":true,"href":"https:\/\/przedszkole61.edu.wroclaw.pl\/index.php\/wp-json\/wp\/v2\/categories?post=38417"},{"taxonomy":"post_tag","embeddable":true,"href":"https:\/\/przedszkole61.edu.wroclaw.pl\/index.php\/wp-json\/wp\/v2\/tags?post=38417"}],"curies":[{"name":"wp","href":"https:\/\/api.w.org\/{rel}","templated":true}]}}