
{"id":38450,"date":"2025-10-06T19:13:58","date_gmt":"2025-10-06T17:13:58","guid":{"rendered":"https:\/\/przedszkole61.edu.wroclaw.pl\/?p=38450"},"modified":"2026-02-13T21:48:00","modified_gmt":"2026-02-13T20:48:00","slug":"pilotaz-zdalny-psycholog-w-naszym-przedszkolu","status":"publish","type":"post","link":"https:\/\/przedszkole61.edu.wroclaw.pl\/index.php\/2025\/10\/06\/pilotaz-zdalny-psycholog-w-naszym-przedszkolu\/","title":{"rendered":"Pilota\u017c &#8211; Zdalny Psycholog w naszym przedszkolu"},"content":{"rendered":"<p>Szanowni Pa\u0144stwo,<\/p>\n<p>z przyjemno\u015bci\u0105 informuj\u0119, \u017ce nasze przedszkole bierze udzia\u0142 w pilota\u017cowym programie <strong>Zdalny Psycholog<\/strong>, realizowanym przez Fundacj\u0119 Wsp\u00f3lnie dla Sprawy.<!--more--><\/p>\n<p>Celem projektu jest zapewnienie wsparcia psychologicznego dzieciom oraz ich rodzicom w sytuacjach trudnych, a tak\u017ce zwi\u0119kszenie dost\u0119pno\u015bci pomocy psychologicznej online \u2014 w spos\u00f3b szybki i bezpieczny.<\/p>\n<p><strong>W ramach programu oferujemy:<\/strong><\/p>\n<ul>\n<li><strong>dost\u0119p do<\/strong> <strong>bajek terapeutycznych odczytywanych online &#8211; <\/strong>pierwsze czytanie <strong>6 pa\u017adziernika 2025 o godzinie 19:00<\/strong><\/li>\n<li><strong>dost\u0119p do bezp\u0142atnych webinar\u00f3w i live-sesji<\/strong> po\u015bwi\u0119conych tematyce zdrowia psychicznego oraz rozwoju dziecka &#8211; \u00a0rozpoczynaj\u0105ce si\u0119 <strong>7 pa\u017adziernika 2025 r. o godzinie 17:00<\/strong><br \/>\n<strong>Jak skorzysta\u0107?<\/strong><br \/>\nNa stronie internetowej naszego przedszkola zosta\u0142a umieszczona specjalna <strong>wtyczka (widget)<\/strong>, kt\u00f3ra umo\u017cliwia:<\/li>\n<li>do\u0142\u0105czenie do webinaru lub live-sesji.<br \/>\nUdzia\u0142 w programie oraz wszystkie oferowane formy wsparcia s\u0105 <strong>bezp\u0142atne dla dzieci i rodzic\u00f3w<\/strong> do ko\u0144ca grudnia 2025 r.<\/li>\n<\/ul>\n<p>Poni\u017cej zamieszczamy harmonogram spotka\u0144 oraz tematy, kt\u00f3re b\u0119d\u0105 poruszane.<br \/>\n<a href=\"https:\/\/przedszkole61.edu.wroclaw.pl\/wp-content\/uploads\/sites\/58\/2025\/10\/HARMONOGRAM-LS-RODZICE-UCZNIOWIE.pdf\">HARMONOGRAM LS &#8211; RODZICE &amp; UCZNIOWIE<\/a><br \/>\n<a href=\"https:\/\/przedszkole61.edu.wroclaw.pl\/wp-content\/uploads\/sites\/58\/2025\/10\/HARMONOGRAM-LS-PRZEDSZKOLA.pdf\">HARMONOGRAM LS &#8211; PRZEDSZKOLA<\/a><\/p>\n<p>W przypadku pyta\u0144 lub potrzeby uzyskania dodatkowych informacji, pozostajemy do Pa\u0144stwa dyspozycji.<\/p>\n<p>Zach\u0119camy do korzystania z dost\u0119pnych form wsparcia.<\/p>\n","protected":false},"excerpt":{"rendered":"<p>Szanowni Pa\u0144stwo, z przyjemno\u015bci\u0105 informuj\u0119, \u017ce nasze przedszkole bierze udzia\u0142 w pilota\u017cowym programie Zdalny Psycholog, realizowanym przez Fundacj\u0119 Wsp\u00f3lnie dla Sprawy.<\/p>\n","protected":false},"author":241,"featured_media":39411,"comment_status":"closed","ping_status":"closed","sticky":false,"template":"","format":"standard","meta":{"ngg_post_thumbnail":0,"footnotes":""},"categories":[1],"tags":[],"class_list":["post-38450","post","type-post","status-publish","format-standard","has-post-thumbnail","hentry","category-aktualnosci","clearfix"],"_links":{"self":[{"href":"https:\/\/przedszkole61.edu.wroclaw.pl\/index.php\/wp-json\/wp\/v2\/posts\/38450","targetHints":{"allow":["GET"]}}],"collection":[{"href":"https:\/\/przedszkole61.edu.wroclaw.pl\/index.php\/wp-json\/wp\/v2\/posts"}],"about":[{"href":"https:\/\/przedszkole61.edu.wroclaw.pl\/index.php\/wp-json\/wp\/v2\/types\/post"}],"author":[{"embeddable":true,"href":"https:\/\/przedszkole61.edu.wroclaw.pl\/index.php\/wp-json\/wp\/v2\/users\/241"}],"replies":[{"embeddable":true,"href":"https:\/\/przedszkole61.edu.wroclaw.pl\/index.php\/wp-json\/wp\/v2\/comments?post=38450"}],"version-history":[{"count":5,"href":"https:\/\/przedszkole61.edu.wroclaw.pl\/index.php\/wp-json\/wp\/v2\/posts\/38450\/revisions"}],"predecessor-version":[{"id":38614,"href":"https:\/\/przedszkole61.edu.wroclaw.pl\/index.php\/wp-json\/wp\/v2\/posts\/38450\/revisions\/38614"}],"wp:featuredmedia":[{"embeddable":true,"href":"https:\/\/przedszkole61.edu.wroclaw.pl\/index.php\/wp-json\/wp\/v2\/media\/39411"}],"wp:attachment":[{"href":"https:\/\/przedszkole61.edu.wroclaw.pl\/index.php\/wp-json\/wp\/v2\/media?parent=38450"}],"wp:term":[{"taxonomy":"category","embeddable":true,"href":"https:\/\/przedszkole61.edu.wroclaw.pl\/index.php\/wp-json\/wp\/v2\/categories?post=38450"},{"taxonomy":"post_tag","embeddable":true,"href":"https:\/\/przedszkole61.edu.wroclaw.pl\/index.php\/wp-json\/wp\/v2\/tags?post=38450"}],"curies":[{"name":"wp","href":"https:\/\/api.w.org\/{rel}","templated":true}]}}