
{"id":38488,"date":"2025-10-09T22:29:58","date_gmt":"2025-10-09T20:29:58","guid":{"rendered":"https:\/\/przedszkole61.edu.wroclaw.pl\/?p=38488"},"modified":"2025-10-09T22:32:52","modified_gmt":"2025-10-09T20:32:52","slug":"wycieczka-do-szkoly-pierwsze-spotkanie-z-przyszla-przygoda","status":"publish","type":"post","link":"https:\/\/przedszkole61.edu.wroclaw.pl\/index.php\/2025\/10\/09\/wycieczka-do-szkoly-pierwsze-spotkanie-z-przyszla-przygoda\/","title":{"rendered":"Wycieczka do szko\u0142y \u2013 pierwsze spotkanie z przysz\u0142\u0105 przygod\u0105!"},"content":{"rendered":"<p>8 pa\u017adziernika grupa V z naszego przedszkola mia\u0142a wyj\u0105tkow\u0105 okazj\u0119 odwiedzi\u0107 poblisk\u0105 szko\u0142\u0119 podstawow\u0105. Nasz\u0105 wizyt\u0119 rozpocz\u0119li\u015bmy od zwiedzania budynku szko\u0142y. Dzieci z ogromnym zainteresowaniem ogl\u0105da\u0142y sale lekcyjne oraz \u015bwietlic\u0119. Du\u017cym prze\u017cyciem by\u0142o r\u00f3wnie\u017c us\u0142yszenie szkolnego dzwonka, kt\u00f3ry oznacza\u0142 przerw\u0119. Dla niekt\u00f3rych dzieci by\u0142 to pierwszy kontakt z takim d\u017awi\u0119kiem! Dzieci by\u0142y zaproszone na przedstawienie pt. Latarenka w wykonaniu szkolnego ko\u0142a teatralnego. M\u0142odzi aktorzy z klas starszych wyst\u0105pili z wielkim zaanga\u017cowaniem, prezentuj\u0105c swoje umiej\u0119tno\u015bci aktorskie na scenie przed pe\u0142n\u0105 widowni\u0105. Dzieci ogl\u0105da\u0142y spektakl z zaciekawieniem \u2013 historia, kolorowe stroje oraz pi\u0119kna scenografia zrobi\u0142y na nich ogromne wra\u017cenie. \u00a0Serdecznie dzi\u0119kujemy Szkole Podstawowej im. Wandy Rutkiewicz za ciep\u0142e przyj\u0119cie oraz mo\u017cliwo\u015b\u0107 obejrzenia wspania\u0142ego przedstawienia. To spotkanie by\u0142o dla naszych przedszkolak\u00f3w wyj\u0105tkowym i inspiruj\u0105cym do\u015bwiadczeniem. Dzieci wr\u00f3ci\u0142y do przedszkola pe\u0142ne emocji i nowych wspomnie\u0144.<\/p>\n<div id='pe-gallery-1' class='pe-gallery pe-gallery-38488 columns-3 img-size-medium'><div class='pe-row'><div class='col-md-4'><figure tabindex='0' class='pe-gallery-item pe-gallery-modal' data-mfp-src='#modal-gallery-1-38493'><div class='pe-gallery-image landscape'>\r\n\t\t\t\t\t\t\t<img loading=\"lazy\" decoding=\"async\" width=\"300\" height=\"169\" src=\"https:\/\/przedszkole61.edu.wroclaw.pl\/wp-content\/uploads\/sites\/58\/2025\/10\/sp5-300x169.jpeg\" class=\"attachment-medium size-medium\" alt=\"\" data-no-retina=\"\" srcset=\"https:\/\/przedszkole61.edu.wroclaw.pl\/wp-content\/uploads\/sites\/58\/2025\/10\/sp5-300x169.jpeg 300w, https:\/\/przedszkole61.edu.wroclaw.pl\/wp-content\/uploads\/sites\/58\/2025\/10\/sp5-768x432.jpeg 768w, https:\/\/przedszkole61.edu.wroclaw.pl\/wp-content\/uploads\/sites\/58\/2025\/10\/sp5.jpeg 800w\" sizes=\"auto, (max-width: 300px) 100vw, 300px\" \/>\r\n\t\t\t\t\t\t<\/div><\/figure><div id='modal-gallery-1-38493' class='mfp-modal-content mfp-hide' tabindex='-1' role='dialog' aria-labelledby='gallery-1-38493' style='max-width: 800px;><h4 id='gallery-1-38493'>sp5<\/h4><div class='pe-gallery-full-image'><a href=\"https:\/\/przedszkole61.edu.wroclaw.pl\/wp-content\/uploads\/sites\/58\/2025\/10\/sp5.jpeg\"><img loading=\"lazy\" decoding=\"async\" width=\"800\" height=\"450\" src=\"https:\/\/przedszkole61.edu.wroclaw.pl\/wp-content\/uploads\/sites\/58\/2025\/10\/sp5.jpeg\" class=\"attachment-full size-full\" alt=\"\" data-no-retina=\"\" srcset=\"https:\/\/przedszkole61.edu.wroclaw.pl\/wp-content\/uploads\/sites\/58\/2025\/10\/sp5.jpeg 800w, https:\/\/przedszkole61.edu.wroclaw.pl\/wp-content\/uploads\/sites\/58\/2025\/10\/sp5-300x169.jpeg 300w, https:\/\/przedszkole61.edu.wroclaw.pl\/wp-content\/uploads\/sites\/58\/2025\/10\/sp5-768x432.jpeg 768w\" sizes=\"auto, (max-width: 800px) 100vw, 800px\" \/><\/a><\/div><p><\/p><\/div><\/div><div class='col-md-4'><figure tabindex='0' class='pe-gallery-item pe-gallery-modal' data-mfp-src='#modal-gallery-1-38492'><div class='pe-gallery-image landscape'>\r\n\t\t\t\t\t\t\t<img loading=\"lazy\" decoding=\"async\" width=\"300\" height=\"169\" src=\"https:\/\/przedszkole61.edu.wroclaw.pl\/wp-content\/uploads\/sites\/58\/2025\/10\/sp4-300x169.jpeg\" class=\"attachment-medium size-medium\" alt=\"\" data-no-retina=\"\" srcset=\"https:\/\/przedszkole61.edu.wroclaw.pl\/wp-content\/uploads\/sites\/58\/2025\/10\/sp4-300x169.jpeg 300w, https:\/\/przedszkole61.edu.wroclaw.pl\/wp-content\/uploads\/sites\/58\/2025\/10\/sp4-768x432.jpeg 768w, https:\/\/przedszkole61.edu.wroclaw.pl\/wp-content\/uploads\/sites\/58\/2025\/10\/sp4.jpeg 800w\" sizes=\"auto, (max-width: 300px) 100vw, 300px\" \/>\r\n\t\t\t\t\t\t<\/div><\/figure><div id='modal-gallery-1-38492' class='mfp-modal-content mfp-hide' tabindex='-1' role='dialog' aria-labelledby='gallery-1-38492' style='max-width: 800px;><h4 id='gallery-1-38492'>sp4<\/h4><div class='pe-gallery-full-image'><a href=\"https:\/\/przedszkole61.edu.wroclaw.pl\/wp-content\/uploads\/sites\/58\/2025\/10\/sp4.jpeg\"><img loading=\"lazy\" decoding=\"async\" width=\"800\" height=\"450\" src=\"https:\/\/przedszkole61.edu.wroclaw.pl\/wp-content\/uploads\/sites\/58\/2025\/10\/sp4.jpeg\" class=\"attachment-full size-full\" alt=\"\" data-no-retina=\"\" srcset=\"https:\/\/przedszkole61.edu.wroclaw.pl\/wp-content\/uploads\/sites\/58\/2025\/10\/sp4.jpeg 800w, https:\/\/przedszkole61.edu.wroclaw.pl\/wp-content\/uploads\/sites\/58\/2025\/10\/sp4-300x169.jpeg 300w, https:\/\/przedszkole61.edu.wroclaw.pl\/wp-content\/uploads\/sites\/58\/2025\/10\/sp4-768x432.jpeg 768w\" sizes=\"auto, (max-width: 800px) 100vw, 800px\" \/><\/a><\/div><p><\/p><\/div><\/div><div class='col-md-4'><figure tabindex='0' class='pe-gallery-item pe-gallery-modal' data-mfp-src='#modal-gallery-1-38491'><div class='pe-gallery-image landscape'>\r\n\t\t\t\t\t\t\t<img loading=\"lazy\" decoding=\"async\" width=\"300\" height=\"169\" src=\"https:\/\/przedszkole61.edu.wroclaw.pl\/wp-content\/uploads\/sites\/58\/2025\/10\/sp3-300x169.jpeg\" class=\"attachment-medium size-medium\" alt=\"\" data-no-retina=\"\" srcset=\"https:\/\/przedszkole61.edu.wroclaw.pl\/wp-content\/uploads\/sites\/58\/2025\/10\/sp3-300x169.jpeg 300w, https:\/\/przedszkole61.edu.wroclaw.pl\/wp-content\/uploads\/sites\/58\/2025\/10\/sp3-768x432.jpeg 768w, https:\/\/przedszkole61.edu.wroclaw.pl\/wp-content\/uploads\/sites\/58\/2025\/10\/sp3.jpeg 800w\" sizes=\"auto, (max-width: 300px) 100vw, 300px\" \/>\r\n\t\t\t\t\t\t<\/div><\/figure><div id='modal-gallery-1-38491' class='mfp-modal-content mfp-hide' tabindex='-1' role='dialog' aria-labelledby='gallery-1-38491' style='max-width: 800px;><h4 id='gallery-1-38491'>sp3<\/h4><div class='pe-gallery-full-image'><a href=\"https:\/\/przedszkole61.edu.wroclaw.pl\/wp-content\/uploads\/sites\/58\/2025\/10\/sp3.jpeg\"><img loading=\"lazy\" decoding=\"async\" width=\"800\" height=\"450\" src=\"https:\/\/przedszkole61.edu.wroclaw.pl\/wp-content\/uploads\/sites\/58\/2025\/10\/sp3.jpeg\" class=\"attachment-full size-full\" alt=\"\" data-no-retina=\"\" srcset=\"https:\/\/przedszkole61.edu.wroclaw.pl\/wp-content\/uploads\/sites\/58\/2025\/10\/sp3.jpeg 800w, https:\/\/przedszkole61.edu.wroclaw.pl\/wp-content\/uploads\/sites\/58\/2025\/10\/sp3-300x169.jpeg 300w, https:\/\/przedszkole61.edu.wroclaw.pl\/wp-content\/uploads\/sites\/58\/2025\/10\/sp3-768x432.jpeg 768w\" sizes=\"auto, (max-width: 800px) 100vw, 800px\" \/><\/a><\/div><p><\/p><\/div><\/div><div class='col-md-4'><figure tabindex='0' class='pe-gallery-item pe-gallery-modal' data-mfp-src='#modal-gallery-1-38490'><div class='pe-gallery-image portrait'>\r\n\t\t\t\t\t\t\t<img loading=\"lazy\" decoding=\"async\" width=\"169\" height=\"300\" src=\"https:\/\/przedszkole61.edu.wroclaw.pl\/wp-content\/uploads\/sites\/58\/2025\/10\/sp2-169x300.jpeg\" class=\"attachment-medium size-medium\" alt=\"\" data-no-retina=\"\" srcset=\"https:\/\/przedszkole61.edu.wroclaw.pl\/wp-content\/uploads\/sites\/58\/2025\/10\/sp2-169x300.jpeg 169w, https:\/\/przedszkole61.edu.wroclaw.pl\/wp-content\/uploads\/sites\/58\/2025\/10\/sp2.jpeg 450w\" sizes=\"auto, (max-width: 169px) 100vw, 169px\" \/>\r\n\t\t\t\t\t\t<\/div><\/figure><div id='modal-gallery-1-38490' class='mfp-modal-content mfp-hide' tabindex='-1' role='dialog' aria-labelledby='gallery-1-38490' style='max-width: 450px;><h4 id='gallery-1-38490'>sp2<\/h4><div class='pe-gallery-full-image'><a href=\"https:\/\/przedszkole61.edu.wroclaw.pl\/wp-content\/uploads\/sites\/58\/2025\/10\/sp2.jpeg\"><img loading=\"lazy\" decoding=\"async\" width=\"450\" height=\"800\" src=\"https:\/\/przedszkole61.edu.wroclaw.pl\/wp-content\/uploads\/sites\/58\/2025\/10\/sp2.jpeg\" class=\"attachment-full size-full\" alt=\"\" data-no-retina=\"\" srcset=\"https:\/\/przedszkole61.edu.wroclaw.pl\/wp-content\/uploads\/sites\/58\/2025\/10\/sp2.jpeg 450w, https:\/\/przedszkole61.edu.wroclaw.pl\/wp-content\/uploads\/sites\/58\/2025\/10\/sp2-169x300.jpeg 169w\" sizes=\"auto, (max-width: 450px) 100vw, 450px\" \/><\/a><\/div><p><\/p><\/div><\/div><div class='col-md-4'><figure tabindex='0' class='pe-gallery-item pe-gallery-modal' data-mfp-src='#modal-gallery-1-38489'><div class='pe-gallery-image portrait'>\r\n\t\t\t\t\t\t\t<img loading=\"lazy\" decoding=\"async\" width=\"169\" height=\"300\" src=\"https:\/\/przedszkole61.edu.wroclaw.pl\/wp-content\/uploads\/sites\/58\/2025\/10\/sp1-169x300.jpeg\" class=\"attachment-medium size-medium\" alt=\"\" data-no-retina=\"\" srcset=\"https:\/\/przedszkole61.edu.wroclaw.pl\/wp-content\/uploads\/sites\/58\/2025\/10\/sp1-169x300.jpeg 169w, https:\/\/przedszkole61.edu.wroclaw.pl\/wp-content\/uploads\/sites\/58\/2025\/10\/sp1.jpeg 450w\" sizes=\"auto, (max-width: 169px) 100vw, 169px\" \/>\r\n\t\t\t\t\t\t<\/div><\/figure><div id='modal-gallery-1-38489' class='mfp-modal-content mfp-hide' tabindex='-1' role='dialog' aria-labelledby='gallery-1-38489' style='max-width: 450px;><h4 id='gallery-1-38489'>sp1<\/h4><div class='pe-gallery-full-image'><a href=\"https:\/\/przedszkole61.edu.wroclaw.pl\/wp-content\/uploads\/sites\/58\/2025\/10\/sp1.jpeg\"><img loading=\"lazy\" decoding=\"async\" width=\"450\" height=\"800\" src=\"https:\/\/przedszkole61.edu.wroclaw.pl\/wp-content\/uploads\/sites\/58\/2025\/10\/sp1.jpeg\" class=\"attachment-full size-full\" alt=\"\" data-no-retina=\"\" srcset=\"https:\/\/przedszkole61.edu.wroclaw.pl\/wp-content\/uploads\/sites\/58\/2025\/10\/sp1.jpeg 450w, https:\/\/przedszkole61.edu.wroclaw.pl\/wp-content\/uploads\/sites\/58\/2025\/10\/sp1-169x300.jpeg 169w\" sizes=\"auto, (max-width: 450px) 100vw, 450px\" \/><\/a><\/div><p><\/p><\/div><\/div><\/div><\/div>\n\n","protected":false},"excerpt":{"rendered":"<p>8 pa\u017adziernika grupa V z naszego przedszkola mia\u0142a wyj\u0105tkow\u0105 okazj\u0119 odwiedzi\u0107 poblisk\u0105 szko\u0142\u0119 podstawow\u0105. Nasz\u0105 wizyt\u0119 rozpocz\u0119li\u015bmy od zwiedzania budynku szko\u0142y. Dzieci z ogromnym zainteresowaniem ogl\u0105da\u0142y sale lekcyjne oraz \u015bwietlic\u0119. [&hellip;]<\/p>\n","protected":false},"author":465,"featured_media":38491,"comment_status":"closed","ping_status":"closed","sticky":false,"template":"","format":"standard","meta":{"ngg_post_thumbnail":0,"footnotes":""},"categories":[8],"tags":[],"class_list":["post-38488","post","type-post","status-publish","format-standard","has-post-thumbnail","hentry","category-wydarzenia","clearfix"],"_links":{"self":[{"href":"https:\/\/przedszkole61.edu.wroclaw.pl\/index.php\/wp-json\/wp\/v2\/posts\/38488","targetHints":{"allow":["GET"]}}],"collection":[{"href":"https:\/\/przedszkole61.edu.wroclaw.pl\/index.php\/wp-json\/wp\/v2\/posts"}],"about":[{"href":"https:\/\/przedszkole61.edu.wroclaw.pl\/index.php\/wp-json\/wp\/v2\/types\/post"}],"author":[{"embeddable":true,"href":"https:\/\/przedszkole61.edu.wroclaw.pl\/index.php\/wp-json\/wp\/v2\/users\/465"}],"replies":[{"embeddable":true,"href":"https:\/\/przedszkole61.edu.wroclaw.pl\/index.php\/wp-json\/wp\/v2\/comments?post=38488"}],"version-history":[{"count":4,"href":"https:\/\/przedszkole61.edu.wroclaw.pl\/index.php\/wp-json\/wp\/v2\/posts\/38488\/revisions"}],"predecessor-version":[{"id":38497,"href":"https:\/\/przedszkole61.edu.wroclaw.pl\/index.php\/wp-json\/wp\/v2\/posts\/38488\/revisions\/38497"}],"wp:featuredmedia":[{"embeddable":true,"href":"https:\/\/przedszkole61.edu.wroclaw.pl\/index.php\/wp-json\/wp\/v2\/media\/38491"}],"wp:attachment":[{"href":"https:\/\/przedszkole61.edu.wroclaw.pl\/index.php\/wp-json\/wp\/v2\/media?parent=38488"}],"wp:term":[{"taxonomy":"category","embeddable":true,"href":"https:\/\/przedszkole61.edu.wroclaw.pl\/index.php\/wp-json\/wp\/v2\/categories?post=38488"},{"taxonomy":"post_tag","embeddable":true,"href":"https:\/\/przedszkole61.edu.wroclaw.pl\/index.php\/wp-json\/wp\/v2\/tags?post=38488"}],"curies":[{"name":"wp","href":"https:\/\/api.w.org\/{rel}","templated":true}]}}