
{"id":38512,"date":"2025-10-14T23:23:12","date_gmt":"2025-10-14T21:23:12","guid":{"rendered":"https:\/\/przedszkole61.edu.wroclaw.pl\/?p=38512"},"modified":"2025-10-14T23:23:12","modified_gmt":"2025-10-14T21:23:12","slug":"dzien-edukacji-narodowej-w-naszym-przedszkolu","status":"publish","type":"post","link":"https:\/\/przedszkole61.edu.wroclaw.pl\/index.php\/2025\/10\/14\/dzien-edukacji-narodowej-w-naszym-przedszkolu\/","title":{"rendered":"Dzie\u0144 Edukacji Narodowej w naszym przedszkolu"},"content":{"rendered":"<p data-start=\"155\" data-end=\"347\">14 pa\u017adziernika w naszym przedszkolu odby\u0142 si\u0119 uroczysty apel z okazji Dnia Edukacji Narodowej. Tego dnia dzieci, ubrane od\u015bwi\u0119tnie, wsp\u00f3lnie z pracownikami \u015bwi\u0119towa\u0142y to wyj\u0105tkowe wydarzenie.<\/p>\n<p data-start=\"349\" data-end=\"550\">Uroczysto\u015b\u0107 przebieg\u0142a w mi\u0142ej i podnios\u0142ej atmosferze. Przedszkolaki z dum\u0105 od\u015bpiewa\u0142y hymn przedszkola, a nast\u0119pnie wszyscy razem zaprezentowali Taniec \u017byczliwo\u015bci, kt\u00f3ry wprowadzi\u0142 wszystkich w radosny nastr\u00f3j.<\/p>\n<p data-start=\"552\" data-end=\"791\">Pani Dyrektor z\u0142o\u017cy\u0142a serdeczne podzi\u0119kowania wszystkim pracownikom za ich codzienn\u0105 prac\u0119, zaanga\u017cowanie oraz serce wk\u0142adane w opiek\u0119 i rozw\u00f3j najm\u0142odszych. Podzi\u0119kowania skierowa\u0142a r\u00f3wnie\u017c do najm\u0142odszych\u2013 za to, \u017ce wsp\u00f3lnie z nami \u015bwi\u0119tuj\u0105 ten wa\u017cny dzie\u0144.<\/p>\n<p data-start=\"929\" data-end=\"1061\">Na zako\u0144czenie uroczysto\u015bci grupa 6-latk\u00f3w za\u015bpiewa\u0142a piosenk\u0119 dla wszystkich, kt\u00f3ra by\u0142a pi\u0119knym zwie\u0144czeniem ca\u0142ego wydarzenia.<\/p>\n<div id='pe-gallery-1' class='pe-gallery pe-gallery-38512 columns-2 img-size-medium'><div class='pe-row'><div class='col-md-6'><figure tabindex='0' class='pe-gallery-item pe-gallery-modal' data-mfp-src='#modal-gallery-1-38514'><div class='pe-gallery-image landscape'>\r\n\t\t\t\t\t\t\t<img loading=\"lazy\" decoding=\"async\" width=\"300\" height=\"130\" src=\"https:\/\/przedszkole61.edu.wroclaw.pl\/wp-content\/uploads\/sites\/58\/2025\/10\/apel-3-300x130.jpeg\" class=\"attachment-medium size-medium\" alt=\"\" data-no-retina=\"\" srcset=\"https:\/\/przedszkole61.edu.wroclaw.pl\/wp-content\/uploads\/sites\/58\/2025\/10\/apel-3-300x130.jpeg 300w, https:\/\/przedszkole61.edu.wroclaw.pl\/wp-content\/uploads\/sites\/58\/2025\/10\/apel-3-1024x444.jpeg 1024w, https:\/\/przedszkole61.edu.wroclaw.pl\/wp-content\/uploads\/sites\/58\/2025\/10\/apel-3-768x333.jpeg 768w, https:\/\/przedszkole61.edu.wroclaw.pl\/wp-content\/uploads\/sites\/58\/2025\/10\/apel-3-1536x666.jpeg 1536w, https:\/\/przedszkole61.edu.wroclaw.pl\/wp-content\/uploads\/sites\/58\/2025\/10\/apel-3.jpeg 1600w\" sizes=\"auto, (max-width: 300px) 100vw, 300px\" \/>\r\n\t\t\t\t\t\t<\/div><\/figure><div id='modal-gallery-1-38514' class='mfp-modal-content mfp-hide' tabindex='-1' role='dialog' aria-labelledby='gallery-1-38514' style='max-width: 1600px;><h4 id='gallery-1-38514'>apel 3<\/h4><div class='pe-gallery-full-image'><a href=\"https:\/\/przedszkole61.edu.wroclaw.pl\/wp-content\/uploads\/sites\/58\/2025\/10\/apel-3.jpeg\"><img loading=\"lazy\" decoding=\"async\" width=\"1600\" height=\"694\" src=\"https:\/\/przedszkole61.edu.wroclaw.pl\/wp-content\/uploads\/sites\/58\/2025\/10\/apel-3.jpeg\" class=\"attachment-full size-full\" alt=\"\" data-no-retina=\"\" srcset=\"https:\/\/przedszkole61.edu.wroclaw.pl\/wp-content\/uploads\/sites\/58\/2025\/10\/apel-3.jpeg 1600w, https:\/\/przedszkole61.edu.wroclaw.pl\/wp-content\/uploads\/sites\/58\/2025\/10\/apel-3-300x130.jpeg 300w, https:\/\/przedszkole61.edu.wroclaw.pl\/wp-content\/uploads\/sites\/58\/2025\/10\/apel-3-1024x444.jpeg 1024w, https:\/\/przedszkole61.edu.wroclaw.pl\/wp-content\/uploads\/sites\/58\/2025\/10\/apel-3-768x333.jpeg 768w, https:\/\/przedszkole61.edu.wroclaw.pl\/wp-content\/uploads\/sites\/58\/2025\/10\/apel-3-1536x666.jpeg 1536w\" sizes=\"auto, (max-width: 1600px) 100vw, 1600px\" \/><\/a><\/div><p><\/p><\/div><\/div><div class='col-md-6'><figure tabindex='0' class='pe-gallery-item pe-gallery-modal' data-mfp-src='#modal-gallery-1-38513'><div class='pe-gallery-image landscape'>\r\n\t\t\t\t\t\t\t<img loading=\"lazy\" decoding=\"async\" width=\"300\" height=\"137\" src=\"https:\/\/przedszkole61.edu.wroclaw.pl\/wp-content\/uploads\/sites\/58\/2025\/10\/apel4-300x137.jpeg\" class=\"attachment-medium size-medium\" alt=\"\" data-no-retina=\"\" srcset=\"https:\/\/przedszkole61.edu.wroclaw.pl\/wp-content\/uploads\/sites\/58\/2025\/10\/apel4-300x137.jpeg 300w, https:\/\/przedszkole61.edu.wroclaw.pl\/wp-content\/uploads\/sites\/58\/2025\/10\/apel4-768x350.jpeg 768w, https:\/\/przedszkole61.edu.wroclaw.pl\/wp-content\/uploads\/sites\/58\/2025\/10\/apel4.jpeg 960w\" sizes=\"auto, (max-width: 300px) 100vw, 300px\" \/>\r\n\t\t\t\t\t\t<\/div><\/figure><div id='modal-gallery-1-38513' class='mfp-modal-content mfp-hide' tabindex='-1' role='dialog' aria-labelledby='gallery-1-38513' style='max-width: 960px;><h4 id='gallery-1-38513'>apel4<\/h4><div class='pe-gallery-full-image'><a href=\"https:\/\/przedszkole61.edu.wroclaw.pl\/wp-content\/uploads\/sites\/58\/2025\/10\/apel4.jpeg\"><img loading=\"lazy\" decoding=\"async\" width=\"960\" height=\"438\" src=\"https:\/\/przedszkole61.edu.wroclaw.pl\/wp-content\/uploads\/sites\/58\/2025\/10\/apel4.jpeg\" class=\"attachment-full size-full\" alt=\"\" data-no-retina=\"\" srcset=\"https:\/\/przedszkole61.edu.wroclaw.pl\/wp-content\/uploads\/sites\/58\/2025\/10\/apel4.jpeg 960w, https:\/\/przedszkole61.edu.wroclaw.pl\/wp-content\/uploads\/sites\/58\/2025\/10\/apel4-300x137.jpeg 300w, https:\/\/przedszkole61.edu.wroclaw.pl\/wp-content\/uploads\/sites\/58\/2025\/10\/apel4-768x350.jpeg 768w\" sizes=\"auto, (max-width: 960px) 100vw, 960px\" \/><\/a><\/div><p><\/p><\/div><\/div><\/div><\/div>\n\n","protected":false},"excerpt":{"rendered":"<p>14 pa\u017adziernika w naszym przedszkolu odby\u0142 si\u0119 uroczysty apel z okazji Dnia Edukacji Narodowej. Tego dnia dzieci, ubrane od\u015bwi\u0119tnie, wsp\u00f3lnie z pracownikami \u015bwi\u0119towa\u0142y to wyj\u0105tkowe wydarzenie. Uroczysto\u015b\u0107 przebieg\u0142a w mi\u0142ej [&hellip;]<\/p>\n","protected":false},"author":465,"featured_media":38516,"comment_status":"closed","ping_status":"closed","sticky":false,"template":"","format":"standard","meta":{"ngg_post_thumbnail":0,"footnotes":""},"categories":[8],"tags":[],"class_list":["post-38512","post","type-post","status-publish","format-standard","has-post-thumbnail","hentry","category-wydarzenia","clearfix"],"_links":{"self":[{"href":"https:\/\/przedszkole61.edu.wroclaw.pl\/index.php\/wp-json\/wp\/v2\/posts\/38512","targetHints":{"allow":["GET"]}}],"collection":[{"href":"https:\/\/przedszkole61.edu.wroclaw.pl\/index.php\/wp-json\/wp\/v2\/posts"}],"about":[{"href":"https:\/\/przedszkole61.edu.wroclaw.pl\/index.php\/wp-json\/wp\/v2\/types\/post"}],"author":[{"embeddable":true,"href":"https:\/\/przedszkole61.edu.wroclaw.pl\/index.php\/wp-json\/wp\/v2\/users\/465"}],"replies":[{"embeddable":true,"href":"https:\/\/przedszkole61.edu.wroclaw.pl\/index.php\/wp-json\/wp\/v2\/comments?post=38512"}],"version-history":[{"count":5,"href":"https:\/\/przedszkole61.edu.wroclaw.pl\/index.php\/wp-json\/wp\/v2\/posts\/38512\/revisions"}],"predecessor-version":[{"id":38521,"href":"https:\/\/przedszkole61.edu.wroclaw.pl\/index.php\/wp-json\/wp\/v2\/posts\/38512\/revisions\/38521"}],"wp:featuredmedia":[{"embeddable":true,"href":"https:\/\/przedszkole61.edu.wroclaw.pl\/index.php\/wp-json\/wp\/v2\/media\/38516"}],"wp:attachment":[{"href":"https:\/\/przedszkole61.edu.wroclaw.pl\/index.php\/wp-json\/wp\/v2\/media?parent=38512"}],"wp:term":[{"taxonomy":"category","embeddable":true,"href":"https:\/\/przedszkole61.edu.wroclaw.pl\/index.php\/wp-json\/wp\/v2\/categories?post=38512"},{"taxonomy":"post_tag","embeddable":true,"href":"https:\/\/przedszkole61.edu.wroclaw.pl\/index.php\/wp-json\/wp\/v2\/tags?post=38512"}],"curies":[{"name":"wp","href":"https:\/\/api.w.org\/{rel}","templated":true}]}}