
{"id":38526,"date":"2025-10-16T21:44:32","date_gmt":"2025-10-16T19:44:32","guid":{"rendered":"https:\/\/przedszkole61.edu.wroclaw.pl\/?p=38526"},"modified":"2025-10-16T21:44:32","modified_gmt":"2025-10-16T19:44:32","slug":"czuciaki-z-krainy-emocji-projekt-edukacyjny-2","status":"publish","type":"post","link":"https:\/\/przedszkole61.edu.wroclaw.pl\/index.php\/2025\/10\/16\/czuciaki-z-krainy-emocji-projekt-edukacyjny-2\/","title":{"rendered":"Czuciaki z Krainy Emocji -Projekt edukacyjny"},"content":{"rendered":"<p>Dzieci z grup III, IV i V wyruszy\u0142y w kolejn\u0105 emocjonaln\u0105 podr\u00f3\u017c \u2013 tym razem na Wysp\u0119 Zdziwienia. Podczas kt\u00f3rej pozna\u0142y kolejnego Czuciaka \u2013 pana \u0141a\u0142, kt\u00f3ry pom\u00f3g\u0142 im odkry\u0107 i lepiej zrozumie\u0107 emocj\u0119 zdziwienia. Na pocz\u0105tku spotkania przedszkolaki z zaciekawieniem wys\u0142ucha\u0142y opowiadania, z kt\u00f3rego dowiedzia\u0142y si\u0119, w jakich sytuacjach mo\u017cemy si\u0119 zdziwi\u0107 oraz jak ta emocja wp\u0142ywa na nasze zachowanie.<br \/>\nDzieci ch\u0119tnie dzieli\u0142y si\u0119 w\u0142asnymi do\u015bwiadczeniami, podaj\u0105c przyk\u0142ady sytuacji, kt\u00f3re wywo\u0142a\u0142y u nich zdziwienie.<br \/>\nW Ksi\u0105\u017ceczkach Emocji, ka\u017cdy przedszkolak z du\u017cym zaanga\u017cowaniem wykonywa\u0142 przygotowane zadania, utrwalaj\u0105c w ten spos\u00f3b zdobyt\u0105 wiedz\u0119.<\/p>\n<div id='pe-gallery-1' class='pe-gallery pe-gallery-38526 columns-2 img-size-medium'><div class='pe-row'><div class='col-md-6'><figure tabindex='0' class='pe-gallery-item pe-gallery-modal' data-mfp-src='#modal-gallery-1-38528'><div class='pe-gallery-image portrait'>\r\n\t\t\t\t\t\t\t<img loading=\"lazy\" decoding=\"async\" width=\"180\" height=\"300\" src=\"https:\/\/przedszkole61.edu.wroclaw.pl\/wp-content\/uploads\/sites\/58\/2025\/10\/czuciaki1-180x300.jpeg\" class=\"attachment-medium size-medium\" alt=\"\" data-no-retina=\"\" srcset=\"https:\/\/przedszkole61.edu.wroclaw.pl\/wp-content\/uploads\/sites\/58\/2025\/10\/czuciaki1-180x300.jpeg 180w, https:\/\/przedszkole61.edu.wroclaw.pl\/wp-content\/uploads\/sites\/58\/2025\/10\/czuciaki1-614x1024.jpeg 614w, https:\/\/przedszkole61.edu.wroclaw.pl\/wp-content\/uploads\/sites\/58\/2025\/10\/czuciaki1-768x1280.jpeg 768w, https:\/\/przedszkole61.edu.wroclaw.pl\/wp-content\/uploads\/sites\/58\/2025\/10\/czuciaki1.jpeg 900w\" sizes=\"auto, (max-width: 180px) 100vw, 180px\" \/>\r\n\t\t\t\t\t\t<\/div><\/figure><div id='modal-gallery-1-38528' class='mfp-modal-content mfp-hide' tabindex='-1' role='dialog' aria-labelledby='gallery-1-38528' style='max-width: 900px;><h4 id='gallery-1-38528'>czuciaki1<\/h4><div class='pe-gallery-full-image'><a href=\"https:\/\/przedszkole61.edu.wroclaw.pl\/wp-content\/uploads\/sites\/58\/2025\/10\/czuciaki1.jpeg\"><img loading=\"lazy\" decoding=\"async\" width=\"900\" height=\"1500\" src=\"https:\/\/przedszkole61.edu.wroclaw.pl\/wp-content\/uploads\/sites\/58\/2025\/10\/czuciaki1.jpeg\" class=\"attachment-full size-full\" alt=\"\" data-no-retina=\"\" srcset=\"https:\/\/przedszkole61.edu.wroclaw.pl\/wp-content\/uploads\/sites\/58\/2025\/10\/czuciaki1.jpeg 900w, https:\/\/przedszkole61.edu.wroclaw.pl\/wp-content\/uploads\/sites\/58\/2025\/10\/czuciaki1-180x300.jpeg 180w, https:\/\/przedszkole61.edu.wroclaw.pl\/wp-content\/uploads\/sites\/58\/2025\/10\/czuciaki1-614x1024.jpeg 614w, https:\/\/przedszkole61.edu.wroclaw.pl\/wp-content\/uploads\/sites\/58\/2025\/10\/czuciaki1-768x1280.jpeg 768w\" sizes=\"auto, (max-width: 900px) 100vw, 900px\" \/><\/a><\/div><p><\/p><\/div><\/div><div class='col-md-6'><figure tabindex='0' class='pe-gallery-item pe-gallery-modal' data-mfp-src='#modal-gallery-1-38527'><div class='pe-gallery-image portrait'>\r\n\t\t\t\t\t\t\t<img loading=\"lazy\" decoding=\"async\" width=\"225\" height=\"300\" src=\"https:\/\/przedszkole61.edu.wroclaw.pl\/wp-content\/uploads\/sites\/58\/2025\/10\/czuciaki-2-225x300.jpeg\" class=\"attachment-medium size-medium\" alt=\"\" data-no-retina=\"\" srcset=\"https:\/\/przedszkole61.edu.wroclaw.pl\/wp-content\/uploads\/sites\/58\/2025\/10\/czuciaki-2-225x300.jpeg 225w, https:\/\/przedszkole61.edu.wroclaw.pl\/wp-content\/uploads\/sites\/58\/2025\/10\/czuciaki-2-768x1024.jpeg 768w, https:\/\/przedszkole61.edu.wroclaw.pl\/wp-content\/uploads\/sites\/58\/2025\/10\/czuciaki-2.jpeg 921w\" sizes=\"auto, (max-width: 225px) 100vw, 225px\" \/>\r\n\t\t\t\t\t\t<\/div><\/figure><div id='modal-gallery-1-38527' class='mfp-modal-content mfp-hide' tabindex='-1' role='dialog' aria-labelledby='gallery-1-38527' style='max-width: 921px;><h4 id='gallery-1-38527'>czuciaki 2<\/h4><div class='pe-gallery-full-image'><a href=\"https:\/\/przedszkole61.edu.wroclaw.pl\/wp-content\/uploads\/sites\/58\/2025\/10\/czuciaki-2.jpeg\"><img loading=\"lazy\" decoding=\"async\" width=\"921\" height=\"1228\" src=\"https:\/\/przedszkole61.edu.wroclaw.pl\/wp-content\/uploads\/sites\/58\/2025\/10\/czuciaki-2.jpeg\" class=\"attachment-full size-full\" alt=\"\" data-no-retina=\"\" srcset=\"https:\/\/przedszkole61.edu.wroclaw.pl\/wp-content\/uploads\/sites\/58\/2025\/10\/czuciaki-2.jpeg 921w, https:\/\/przedszkole61.edu.wroclaw.pl\/wp-content\/uploads\/sites\/58\/2025\/10\/czuciaki-2-225x300.jpeg 225w, https:\/\/przedszkole61.edu.wroclaw.pl\/wp-content\/uploads\/sites\/58\/2025\/10\/czuciaki-2-768x1024.jpeg 768w\" sizes=\"auto, (max-width: 921px) 100vw, 921px\" \/><\/a><\/div><p><\/p><\/div><\/div><\/div><\/div>\n\n","protected":false},"excerpt":{"rendered":"<p>Dzieci z grup III, IV i V wyruszy\u0142y w kolejn\u0105 emocjonaln\u0105 podr\u00f3\u017c \u2013 tym razem na Wysp\u0119 Zdziwienia. Podczas kt\u00f3rej pozna\u0142y kolejnego Czuciaka \u2013 pana \u0141a\u0142, kt\u00f3ry pom\u00f3g\u0142 im odkry\u0107 [&hellip;]<\/p>\n","protected":false},"author":465,"featured_media":38380,"comment_status":"closed","ping_status":"closed","sticky":false,"template":"","format":"standard","meta":{"ngg_post_thumbnail":0,"footnotes":""},"categories":[8],"tags":[],"class_list":["post-38526","post","type-post","status-publish","format-standard","has-post-thumbnail","hentry","category-wydarzenia","clearfix"],"_links":{"self":[{"href":"https:\/\/przedszkole61.edu.wroclaw.pl\/index.php\/wp-json\/wp\/v2\/posts\/38526","targetHints":{"allow":["GET"]}}],"collection":[{"href":"https:\/\/przedszkole61.edu.wroclaw.pl\/index.php\/wp-json\/wp\/v2\/posts"}],"about":[{"href":"https:\/\/przedszkole61.edu.wroclaw.pl\/index.php\/wp-json\/wp\/v2\/types\/post"}],"author":[{"embeddable":true,"href":"https:\/\/przedszkole61.edu.wroclaw.pl\/index.php\/wp-json\/wp\/v2\/users\/465"}],"replies":[{"embeddable":true,"href":"https:\/\/przedszkole61.edu.wroclaw.pl\/index.php\/wp-json\/wp\/v2\/comments?post=38526"}],"version-history":[{"count":3,"href":"https:\/\/przedszkole61.edu.wroclaw.pl\/index.php\/wp-json\/wp\/v2\/posts\/38526\/revisions"}],"predecessor-version":[{"id":38531,"href":"https:\/\/przedszkole61.edu.wroclaw.pl\/index.php\/wp-json\/wp\/v2\/posts\/38526\/revisions\/38531"}],"wp:featuredmedia":[{"embeddable":true,"href":"https:\/\/przedszkole61.edu.wroclaw.pl\/index.php\/wp-json\/wp\/v2\/media\/38380"}],"wp:attachment":[{"href":"https:\/\/przedszkole61.edu.wroclaw.pl\/index.php\/wp-json\/wp\/v2\/media?parent=38526"}],"wp:term":[{"taxonomy":"category","embeddable":true,"href":"https:\/\/przedszkole61.edu.wroclaw.pl\/index.php\/wp-json\/wp\/v2\/categories?post=38526"},{"taxonomy":"post_tag","embeddable":true,"href":"https:\/\/przedszkole61.edu.wroclaw.pl\/index.php\/wp-json\/wp\/v2\/tags?post=38526"}],"curies":[{"name":"wp","href":"https:\/\/api.w.org\/{rel}","templated":true}]}}