
{"id":38803,"date":"2025-11-14T22:01:37","date_gmt":"2025-11-14T21:01:37","guid":{"rendered":"https:\/\/przedszkole61.edu.wroclaw.pl\/?p=38803"},"modified":"2025-11-14T22:01:37","modified_gmt":"2025-11-14T21:01:37","slug":"europejski-dzien-wiedzy-o-antybiotykach-2","status":"publish","type":"post","link":"https:\/\/przedszkole61.edu.wroclaw.pl\/index.php\/2025\/11\/14\/europejski-dzien-wiedzy-o-antybiotykach-2\/","title":{"rendered":"Europejski Dzie\u0144 Wiedzy o Antybiotykach"},"content":{"rendered":"<p>Szanowni Pa\u0144stwo,<\/p>\n<p>przekazujemy \u00a0informacje Narodowego Instytutu Lek\u00f3w przygotowane w ramach og\u00f3lnopolskiej kampanii Europejski Dzie\u0144 Wiedzy o Antybiotykach (EAAD, ang.) oraz \u015awiatowego Tygodnia Wiedzy o Antybiotykach (WAAW, ang.). <!--more--><\/p>\n<p><strong>Europejski Dzie\u0144 Wiedzy Antybiotykach (<\/strong>EAAD, ang. European Antibiotic Awareness Day) zosta\u0142 ustanowiony przez Komisj\u0119 Europejsk\u0105 w 2008 roku i corocznie jest obchodzony w krajach Unii Europejskich 18 listopada.<br \/>\nZ kolei od roku 2018, w dniach 18-24 listopada obchodzony jest <strong>\u015awiatowy Tydzie\u0144 Wiedzy o Antybiotykach <\/strong>(WAAW, ang. World Antibiotic Awareness Week) ustanowiony przez WHO w roku 2015. Obydwie kampanie maj\u0105 na celu zwr\u00f3cenie uwagi na narastanie oporno\u015bci na antybiotyki w\u015br\u00f3d drobnoustroj\u00f3w wywo\u0142uj\u0105cych zaka\u017cenia u ludzi. Walka z oporno\u015bci\u0105 na \u015brodki przeciwdrobnoustrojowe wpisuje si\u0119 tak\u017ce w dzia\u0142ania prowadzone w ramach koncepcji Jedno Zdrowie (ang. One Health), kt\u00f3ra uwzgl\u0119dnia wzajemne powi\u0105zania mi\u0119dzy zdrowiem ludzi, zwierz\u0105t, ro\u015blin i \u015brodowiska.<br \/>\nTematem przewodnim tegorocznej kampanii EAAD\/WAAW jest has\u0142o \u201e<strong>DZIA\u0141AJ TERAZ.CHRO\u0143 NASZ\u0104 TERA\u0179NIEJSZO\u015a\u0106, ZABEZPIECZ NASZ\u0104 PRZYSZ\u0141O\u015a\u0106\u201d.<\/strong> W dniach 3-31 listopada za po\u015brednictwem platformy e-learningowej <a href=\"https:\/\/antybiotyki.edu.pl\/\">https:\/\/antybiotyki.edu.pl\/<\/a>mo\u017cna uczestniczy\u0107 w sympozjum organizowanym z okazji EAAD\/WAAW&#8217;2025.<\/p>\n","protected":false},"excerpt":{"rendered":"<p>Szanowni Pa\u0144stwo, przekazujemy \u00a0informacje Narodowego Instytutu Lek\u00f3w przygotowane w ramach og\u00f3lnopolskiej kampanii Europejski Dzie\u0144 Wiedzy o Antybiotykach (EAAD, ang.) oraz \u015awiatowego Tygodnia Wiedzy o Antybiotykach (WAAW, ang.).<\/p>\n","protected":false},"author":241,"featured_media":38675,"comment_status":"closed","ping_status":"closed","sticky":false,"template":"","format":"standard","meta":{"ngg_post_thumbnail":0,"footnotes":""},"categories":[1],"tags":[],"class_list":["post-38803","post","type-post","status-publish","format-standard","has-post-thumbnail","hentry","category-aktualnosci","clearfix"],"_links":{"self":[{"href":"https:\/\/przedszkole61.edu.wroclaw.pl\/index.php\/wp-json\/wp\/v2\/posts\/38803","targetHints":{"allow":["GET"]}}],"collection":[{"href":"https:\/\/przedszkole61.edu.wroclaw.pl\/index.php\/wp-json\/wp\/v2\/posts"}],"about":[{"href":"https:\/\/przedszkole61.edu.wroclaw.pl\/index.php\/wp-json\/wp\/v2\/types\/post"}],"author":[{"embeddable":true,"href":"https:\/\/przedszkole61.edu.wroclaw.pl\/index.php\/wp-json\/wp\/v2\/users\/241"}],"replies":[{"embeddable":true,"href":"https:\/\/przedszkole61.edu.wroclaw.pl\/index.php\/wp-json\/wp\/v2\/comments?post=38803"}],"version-history":[{"count":2,"href":"https:\/\/przedszkole61.edu.wroclaw.pl\/index.php\/wp-json\/wp\/v2\/posts\/38803\/revisions"}],"predecessor-version":[{"id":38805,"href":"https:\/\/przedszkole61.edu.wroclaw.pl\/index.php\/wp-json\/wp\/v2\/posts\/38803\/revisions\/38805"}],"wp:featuredmedia":[{"embeddable":true,"href":"https:\/\/przedszkole61.edu.wroclaw.pl\/index.php\/wp-json\/wp\/v2\/media\/38675"}],"wp:attachment":[{"href":"https:\/\/przedszkole61.edu.wroclaw.pl\/index.php\/wp-json\/wp\/v2\/media?parent=38803"}],"wp:term":[{"taxonomy":"category","embeddable":true,"href":"https:\/\/przedszkole61.edu.wroclaw.pl\/index.php\/wp-json\/wp\/v2\/categories?post=38803"},{"taxonomy":"post_tag","embeddable":true,"href":"https:\/\/przedszkole61.edu.wroclaw.pl\/index.php\/wp-json\/wp\/v2\/tags?post=38803"}],"curies":[{"name":"wp","href":"https:\/\/api.w.org\/{rel}","templated":true}]}}