
{"id":38808,"date":"2025-11-14T22:10:14","date_gmt":"2025-11-14T21:10:14","guid":{"rendered":"https:\/\/przedszkole61.edu.wroclaw.pl\/?p=38808"},"modified":"2026-02-13T21:45:47","modified_gmt":"2026-02-13T20:45:47","slug":"live-sesje-w-ramach-projektu-wellbefi-zdalny-psycholog","status":"publish","type":"post","link":"https:\/\/przedszkole61.edu.wroclaw.pl\/index.php\/2025\/11\/14\/live-sesje-w-ramach-projektu-wellbefi-zdalny-psycholog\/","title":{"rendered":"Live Sesje w ramach projektu Wellbefi Zdalny Psycholog"},"content":{"rendered":"<p><strong>Szanowni Pa\u0144stwo,<\/strong><\/p>\n<p><strong>przypominamy, \u017ce Fundacja Wsp\u00f3lnie dla Sprawy, w ramach projektu Wellbefi Zdalny Psycholog, prowadzi Live Sesje dla Pa\u0144stwa przedszkola. <\/strong><!--more--><\/p>\n<p><strong>Webinaria s\u0105 otwarte i dost\u0119pne na stronie przedszkola po klikni\u0119ciu wid\u017cetu Wellbefi. Codziennie o 19.00 psycholodzy Fundacji czytaj\u0105 na \u017cywo bajki terapeutyczne dla dzieci, we wtorki natomiast prowadz\u0105 webinaria dla rodzic\u00f3w i wychowawc\u00f3w.\u00a0<\/strong><\/p>\n<p><strong>Z powa\u017caniem<\/strong><\/p>\n<p><strong>Ewa Wiedemann<\/strong><\/p>\n<p>TRE\u015a\u0106 POSTA:<\/p>\n<p><em>&#8222;Dawno, dawno temu? Niekoniecznie! Codziennie wieczorem czytamy naszym Przedszkolakom bajki terapeutyczne! Wraz z Fundacj\u0105 Wsp\u00f3lnie dla Sprawy, w ramach projektu <strong>Wellbefi Zdalny Psycholog<\/strong>, zapraszamy na seri\u0119 wyj\u0105tkowych otwartych Live Sesji!<\/em><\/p>\n<p><strong><em>Dla dzieci &#8211; Bajki Terapeutyczne:<\/em><\/strong><\/p>\n<p><em>Codziennie (pon.-pt.) o godz. 19.00 czytamy opowie\u015bci, kt\u00f3re pomog\u0105 dzieciom oswoi\u0107 r\u00f3\u017cne emocje i sytuacje \u017cyciowe poprzez m\u0105dre i zabawne historie pe\u0142ne dzieci\u0119cych bohater\u00f3w, zwierz\u0105t i fantastycznych postaci.<\/em><\/p>\n<p><strong><em>Dla Doros\u0142ych &#8211; Live Sesje po\u015bwi\u0119cone dobru dziecka:<\/em><\/strong><\/p>\n<p><em>We wtorki poruszamy tematy bliskie ka\u017cdemu rodzicowi (i wychowawcy!) \u2013 emocje, relacje, wspieranie dziecka w codziennych wyzwaniach.<\/em><\/p>\n<p><em>Najbli\u017cszy temat:<\/em><\/p>\n<ul>\n<li><strong><em>wtorek 18.11, godz. 17.00 &#8211; Samodzielno\u015b\u0107 zaczyna si\u0119 w przedszkolu \u2013 jak m\u0105drze wspiera\u0107 niezale\u017cno\u015b\u0107 dziecka?<\/em><\/strong><em>\u00a0Jak nie wyr\u0119cza\u0107, ale towarzyszy\u0107. O budowaniu pewno\u015bci siebie poprzez codzienne wyzwania.<\/em><\/li>\n<\/ul>\n<p>&nbsp;<\/p>\n<p><em>Jak do\u0142\u0105czy\u0107 do sesji? To proste! Bajki oraz Live Sesje s\u0105 dost\u0119pne na stronie internetowej naszego przedszkola \u2013 wystarczy o wskazanej godzinie klikn\u0105\u0107 wid\u017cet projektu Wellbefi Zdalny Psycholog. Zach\u0119camy do udzia\u0142u!<\/em><\/p>\n<p>&nbsp;<\/p>\n<p><em>&#8212;&#8212;&#8212;&#8212;&#8212;&#8212;&#8212;&#8212;&#8212;&#8212;&#8212;&#8212;<\/em><\/p>\n<p><em>Fundacja Wsp\u00f3lnie dla sprawy realizuje projekt dla szk\u00f3\u0142 i przedszkoli Wellbefi Zdalny Psycholog, kt\u00f3ry umo\u017cliwia uczniom, rodzicom i nauczycielom dost\u0119p do bezp\u0142atnych konsultacji psychologicznych online oraz Live Sesji na tematy zwi\u0105zane z dobrostanem psychicznym.&#8221;<\/em><\/p>\n","protected":false},"excerpt":{"rendered":"<p>Szanowni Pa\u0144stwo, przypominamy, \u017ce Fundacja Wsp\u00f3lnie dla Sprawy, w ramach projektu Wellbefi Zdalny Psycholog, prowadzi Live Sesje dla Pa\u0144stwa przedszkola.<\/p>\n","protected":false},"author":241,"featured_media":39411,"comment_status":"closed","ping_status":"closed","sticky":false,"template":"","format":"standard","meta":{"ngg_post_thumbnail":0,"footnotes":""},"categories":[1],"tags":[],"class_list":["post-38808","post","type-post","status-publish","format-standard","has-post-thumbnail","hentry","category-aktualnosci","clearfix"],"_links":{"self":[{"href":"https:\/\/przedszkole61.edu.wroclaw.pl\/index.php\/wp-json\/wp\/v2\/posts\/38808","targetHints":{"allow":["GET"]}}],"collection":[{"href":"https:\/\/przedszkole61.edu.wroclaw.pl\/index.php\/wp-json\/wp\/v2\/posts"}],"about":[{"href":"https:\/\/przedszkole61.edu.wroclaw.pl\/index.php\/wp-json\/wp\/v2\/types\/post"}],"author":[{"embeddable":true,"href":"https:\/\/przedszkole61.edu.wroclaw.pl\/index.php\/wp-json\/wp\/v2\/users\/241"}],"replies":[{"embeddable":true,"href":"https:\/\/przedszkole61.edu.wroclaw.pl\/index.php\/wp-json\/wp\/v2\/comments?post=38808"}],"version-history":[{"count":4,"href":"https:\/\/przedszkole61.edu.wroclaw.pl\/index.php\/wp-json\/wp\/v2\/posts\/38808\/revisions"}],"predecessor-version":[{"id":38813,"href":"https:\/\/przedszkole61.edu.wroclaw.pl\/index.php\/wp-json\/wp\/v2\/posts\/38808\/revisions\/38813"}],"wp:featuredmedia":[{"embeddable":true,"href":"https:\/\/przedszkole61.edu.wroclaw.pl\/index.php\/wp-json\/wp\/v2\/media\/39411"}],"wp:attachment":[{"href":"https:\/\/przedszkole61.edu.wroclaw.pl\/index.php\/wp-json\/wp\/v2\/media?parent=38808"}],"wp:term":[{"taxonomy":"category","embeddable":true,"href":"https:\/\/przedszkole61.edu.wroclaw.pl\/index.php\/wp-json\/wp\/v2\/categories?post=38808"},{"taxonomy":"post_tag","embeddable":true,"href":"https:\/\/przedszkole61.edu.wroclaw.pl\/index.php\/wp-json\/wp\/v2\/tags?post=38808"}],"curies":[{"name":"wp","href":"https:\/\/api.w.org\/{rel}","templated":true}]}}