
{"id":38924,"date":"2025-11-24T09:39:35","date_gmt":"2025-11-24T08:39:35","guid":{"rendered":"https:\/\/przedszkole61.edu.wroclaw.pl\/?p=38924"},"modified":"2026-02-13T21:44:55","modified_gmt":"2026-02-13T20:44:55","slug":"live-sesje-w-ramach-projektu-wellbefi-zdalny-psycholog-slysze-cie-rozmowa-ktora-buduje-wspolprace-z-dzieckiem","status":"publish","type":"post","link":"https:\/\/przedszkole61.edu.wroclaw.pl\/index.php\/2025\/11\/24\/live-sesje-w-ramach-projektu-wellbefi-zdalny-psycholog-slysze-cie-rozmowa-ktora-buduje-wspolprace-z-dzieckiem\/","title":{"rendered":"Live Sesje w ramach projektu Wellbefi Zdalny Psycholog. S\u0142ysz\u0119 Ci\u0119 &#8211; rozmowa, kt\u00f3ra buduje wsp\u00f3\u0142prac\u0119 z dzieckiem.\u00a0"},"content":{"rendered":"<p>Chcesz dowiedzie\u0107 si\u0119, jak rozmawia\u0107 z dzieckiem, aby ch\u0119tniej wsp\u00f3\u0142pracowa\u0142o i czu\u0142o si\u0119 wa\u017cne?<br \/>\nZapraszamy na Live Sesj\u0119 w ramach projektu\u00a0<strong>Zdalny Psycholog Wellbefi\u00a0<\/strong>przygotowan\u0105 z my\u015bl\u0105 o rodzicach przedszkolak\u00f3w, a po\u015bwi\u0119con\u0105 skutecznej komunikacji.<br \/>\nSpotykamy si\u0119 ju\u017c we wtorek, sesj\u0119 poprowadzi psycholog z Fundacji Wsp\u00f3lnie dla Sprawy.<!--more--><\/p>\n<p>&nbsp;<\/p>\n<p>Najbli\u017csze spotkanie:<\/p>\n<ul>\n<li><strong>Wtorek, 25.11 godz. 17.00 &#8211; S\u0142ysz\u0119 Ci\u0119 &#8211; rozmowa, kt\u00f3ra buduje wsp\u00f3\u0142prac\u0119 z dzieckiem.<br \/>\n<\/strong>O tym, jak rozmawia\u0107 z dzieckiem, by czu\u0142o si\u0119 wa\u017cne i ch\u0119tnie wsp\u00f3\u0142pracowa\u0142o.<br \/>\nJak budowa\u0107 porozumienie bez krzyku i walki o pos\u0142usze\u0144stwo.<\/li>\n<\/ul>\n<p>&nbsp;<\/p>\n<p>&nbsp;<\/p>\n<p>Przypominamy r\u00f3wnie\u017c, \u017ce\u00a0codziennie (pon.-pt.) o godz. 19.00 czytamy naszym Przedszkolakom\u00a0<strong>na \u017cywo Bajki Terapeutyczne,<\/strong>\u00a0kt\u00f3re pomog\u0105 dzieciom oswoi\u0107 r\u00f3\u017cne emocje i codzienne sytuacje przez ciekawe, m\u0105dre i zabawne historie. W nadchodz\u0105cym tygodniu pos\u0142uchamy m.in. o sowie, kt\u00f3ra wcale nie chcia\u0142a by\u0107 najm\u0105drzejsza.<\/p>\n<p>&nbsp;<\/p>\n<p>Jak do\u0142\u0105czy\u0107 do wybranej sesji? To proste! Wystarczy o wskazanej godzinie klikn\u0105\u0107 wid\u017cet projektu Wellbefi Zdalny Psycholog<strong>\u00a0na stronie internetowej przedszkola.<\/strong><\/p>\n<p>Zach\u0119camy do udzia\u0142u!<\/p>\n<p>&nbsp;<\/p>\n<p>&nbsp;<\/p>\n","protected":false},"excerpt":{"rendered":"<p>Chcesz dowiedzie\u0107 si\u0119, jak rozmawia\u0107 z dzieckiem, aby ch\u0119tniej wsp\u00f3\u0142pracowa\u0142o i czu\u0142o si\u0119 wa\u017cne? Zapraszamy na Live Sesj\u0119 w ramach projektu\u00a0Zdalny Psycholog Wellbefi\u00a0przygotowan\u0105 z my\u015bl\u0105 o rodzicach przedszkolak\u00f3w, a po\u015bwi\u0119con\u0105 [&hellip;]<\/p>\n","protected":false},"author":465,"featured_media":39411,"comment_status":"closed","ping_status":"closed","sticky":false,"template":"","format":"standard","meta":{"ngg_post_thumbnail":0,"footnotes":""},"categories":[1],"tags":[],"class_list":["post-38924","post","type-post","status-publish","format-standard","has-post-thumbnail","hentry","category-aktualnosci","clearfix"],"_links":{"self":[{"href":"https:\/\/przedszkole61.edu.wroclaw.pl\/index.php\/wp-json\/wp\/v2\/posts\/38924","targetHints":{"allow":["GET"]}}],"collection":[{"href":"https:\/\/przedszkole61.edu.wroclaw.pl\/index.php\/wp-json\/wp\/v2\/posts"}],"about":[{"href":"https:\/\/przedszkole61.edu.wroclaw.pl\/index.php\/wp-json\/wp\/v2\/types\/post"}],"author":[{"embeddable":true,"href":"https:\/\/przedszkole61.edu.wroclaw.pl\/index.php\/wp-json\/wp\/v2\/users\/465"}],"replies":[{"embeddable":true,"href":"https:\/\/przedszkole61.edu.wroclaw.pl\/index.php\/wp-json\/wp\/v2\/comments?post=38924"}],"version-history":[{"count":4,"href":"https:\/\/przedszkole61.edu.wroclaw.pl\/index.php\/wp-json\/wp\/v2\/posts\/38924\/revisions"}],"predecessor-version":[{"id":38928,"href":"https:\/\/przedszkole61.edu.wroclaw.pl\/index.php\/wp-json\/wp\/v2\/posts\/38924\/revisions\/38928"}],"wp:featuredmedia":[{"embeddable":true,"href":"https:\/\/przedszkole61.edu.wroclaw.pl\/index.php\/wp-json\/wp\/v2\/media\/39411"}],"wp:attachment":[{"href":"https:\/\/przedszkole61.edu.wroclaw.pl\/index.php\/wp-json\/wp\/v2\/media?parent=38924"}],"wp:term":[{"taxonomy":"category","embeddable":true,"href":"https:\/\/przedszkole61.edu.wroclaw.pl\/index.php\/wp-json\/wp\/v2\/categories?post=38924"},{"taxonomy":"post_tag","embeddable":true,"href":"https:\/\/przedszkole61.edu.wroclaw.pl\/index.php\/wp-json\/wp\/v2\/tags?post=38924"}],"curies":[{"name":"wp","href":"https:\/\/api.w.org\/{rel}","templated":true}]}}