
{"id":39404,"date":"2026-02-12T14:13:04","date_gmt":"2026-02-12T13:13:04","guid":{"rendered":"https:\/\/przedszkole61.edu.wroclaw.pl\/?p=39404"},"modified":"2026-02-13T21:43:42","modified_gmt":"2026-02-13T20:43:42","slug":"walentyna-w-naszym-ogrodzie","status":"publish","type":"post","link":"https:\/\/przedszkole61.edu.wroclaw.pl\/index.php\/2026\/02\/12\/walentyna-w-naszym-ogrodzie\/","title":{"rendered":"Walentyna w Naszym ogrodzie"},"content":{"rendered":"<p data-start=\"51\" data-end=\"147\">W naszym ogrodzie wita nas Walentyna, kt\u00f3ra przypomina o nadchodz\u0105cym \u015awi\u0119cie Zakochanych.<!--more--><\/p>\n<p data-start=\"149\" data-end=\"393\">W przedszkolu panuje prawdziwie walentynkowa atmosfera! Dzieci z rado\u015bci\u0105 wycinaj\u0105 serduszka i ozdabiaj\u0105 nimi sale.<br data-start=\"264\" data-end=\"267\" \/>Walentynki w przedszkolu to doskona\u0142a okazja do kszta\u0142towania i wyra\u017cania uczu\u0107 takich jak mi\u0142o\u015b\u0107, przyja\u017a\u0144 oraz \u017cyczliwo\u015b\u0107.<\/p>\n<p data-start=\"395\" data-end=\"531\">A ju\u017c niebawem czeka nas wyj\u0105tkowa Zabawa Walentynkowa! \ud83d\udc95<br \/>\n<br data-start=\"453\" data-end=\"456\" \/>Cieszymy si\u0119, \u017ce mo\u017cemy wsp\u00f3lnie prze\u017cywa\u0107 ten radosny i pe\u0142en ciep\u0142a czas.<\/p>\n<div id='pe-gallery-1' class='pe-gallery pe-gallery-39404 columns-1 img-size-medium'><div class='pe-row'><div class='col-md-12'><figure tabindex='0' class='pe-gallery-item ' ><div class='pe-gallery-image portrait'>\r\n\t\t\t\t\t\t\t<a href=\"https:\/\/przedszkole61.edu.wroclaw.pl\/wp-content\/uploads\/sites\/58\/2026\/02\/walentyna.jpeg\"><img loading=\"lazy\" decoding=\"async\" width=\"169\" height=\"300\" src=\"https:\/\/przedszkole61.edu.wroclaw.pl\/wp-content\/uploads\/sites\/58\/2026\/02\/walentyna-169x300.jpeg\" class=\"attachment-medium size-medium\" alt=\"\" data-no-retina=\"\" srcset=\"https:\/\/przedszkole61.edu.wroclaw.pl\/wp-content\/uploads\/sites\/58\/2026\/02\/walentyna-169x300.jpeg 169w, https:\/\/przedszkole61.edu.wroclaw.pl\/wp-content\/uploads\/sites\/58\/2026\/02\/walentyna-577x1024.jpeg 577w, https:\/\/przedszkole61.edu.wroclaw.pl\/wp-content\/uploads\/sites\/58\/2026\/02\/walentyna-768x1364.jpeg 768w, https:\/\/przedszkole61.edu.wroclaw.pl\/wp-content\/uploads\/sites\/58\/2026\/02\/walentyna-865x1536.jpeg 865w, https:\/\/przedszkole61.edu.wroclaw.pl\/wp-content\/uploads\/sites\/58\/2026\/02\/walentyna.jpeg 1126w\" sizes=\"auto, (max-width: 169px) 100vw, 169px\" \/><\/a>\r\n\t\t\t\t\t\t<\/div><\/figure><\/div><\/div><\/div>\n\n","protected":false},"excerpt":{"rendered":"<p>W naszym ogrodzie wita nas Walentyna, kt\u00f3ra przypomina o nadchodz\u0105cym \u015awi\u0119cie Zakochanych.<\/p>\n","protected":false},"author":465,"featured_media":39399,"comment_status":"closed","ping_status":"closed","sticky":false,"template":"","format":"standard","meta":{"ngg_post_thumbnail":0,"footnotes":""},"categories":[8],"tags":[],"class_list":["post-39404","post","type-post","status-publish","format-standard","has-post-thumbnail","hentry","category-wydarzenia","clearfix"],"_links":{"self":[{"href":"https:\/\/przedszkole61.edu.wroclaw.pl\/index.php\/wp-json\/wp\/v2\/posts\/39404","targetHints":{"allow":["GET"]}}],"collection":[{"href":"https:\/\/przedszkole61.edu.wroclaw.pl\/index.php\/wp-json\/wp\/v2\/posts"}],"about":[{"href":"https:\/\/przedszkole61.edu.wroclaw.pl\/index.php\/wp-json\/wp\/v2\/types\/post"}],"author":[{"embeddable":true,"href":"https:\/\/przedszkole61.edu.wroclaw.pl\/index.php\/wp-json\/wp\/v2\/users\/465"}],"replies":[{"embeddable":true,"href":"https:\/\/przedszkole61.edu.wroclaw.pl\/index.php\/wp-json\/wp\/v2\/comments?post=39404"}],"version-history":[{"count":4,"href":"https:\/\/przedszkole61.edu.wroclaw.pl\/index.php\/wp-json\/wp\/v2\/posts\/39404\/revisions"}],"predecessor-version":[{"id":39408,"href":"https:\/\/przedszkole61.edu.wroclaw.pl\/index.php\/wp-json\/wp\/v2\/posts\/39404\/revisions\/39408"}],"wp:featuredmedia":[{"embeddable":true,"href":"https:\/\/przedszkole61.edu.wroclaw.pl\/index.php\/wp-json\/wp\/v2\/media\/39399"}],"wp:attachment":[{"href":"https:\/\/przedszkole61.edu.wroclaw.pl\/index.php\/wp-json\/wp\/v2\/media?parent=39404"}],"wp:term":[{"taxonomy":"category","embeddable":true,"href":"https:\/\/przedszkole61.edu.wroclaw.pl\/index.php\/wp-json\/wp\/v2\/categories?post=39404"},{"taxonomy":"post_tag","embeddable":true,"href":"https:\/\/przedszkole61.edu.wroclaw.pl\/index.php\/wp-json\/wp\/v2\/tags?post=39404"}],"curies":[{"name":"wp","href":"https:\/\/api.w.org\/{rel}","templated":true}]}}