
{"id":39425,"date":"2026-02-17T21:26:54","date_gmt":"2026-02-17T20:26:54","guid":{"rendered":"https:\/\/przedszkole61.edu.wroclaw.pl\/?p=39425"},"modified":"2026-02-17T21:26:54","modified_gmt":"2026-02-17T20:26:54","slug":"przeglad-recytatorski-magia-polskiej-literatury-dzieciecej","status":"publish","type":"post","link":"https:\/\/przedszkole61.edu.wroclaw.pl\/index.php\/2026\/02\/17\/przeglad-recytatorski-magia-polskiej-literatury-dzieciecej\/","title":{"rendered":"Przegl\u0105d recytatorski-Magia polskiej literatury dzieci\u0119cej"},"content":{"rendered":"<p data-start=\"0\" data-end=\"269\">17 lutego w naszym przedszkolu odby\u0142 si\u0119 Przegl\u0105d Recytatorski pod has\u0142em : Magia polskiej literatury dzieci\u0119cej. Wydarzenie rozpocz\u0119li\u015bmy wsp\u00f3lnym \u015bpiewem piosenki pod tytu\u0142em Witajcie w naszej bajce z filmu <span class=\"hover:entity-accent entity-underline inline cursor-pointer align-baseline\"><span class=\"whitespace-normal\">Akademia Pana Kleksa. Radosna melodia <\/span><\/span>wprowadzi\u0142a wszystkich w \u00a0niezwyk\u0142y \u015bwiat literatury.<br \/>\nKa\u017cda grupa zaprezentowa\u0142a wiersz o swoim krasnalu, symbolicznie rozpoczynaj\u0105c nasz przegl\u0105d. Nast\u0119pnie mali arty\u015bci z ogromnym zaanga\u017cowaniem recytowali utwory znanych i lubianych polskich poet\u00f3w literatury dzieci\u0119cej. Nie zabrak\u0142o pi\u0119knej gestykulacji, ciekawych rekwizyt\u00f3w oraz specjalnie przygotowanych stroj\u00f3w, kt\u00f3re doda\u0142y wyst\u0119pom wyj\u0105tkowego charakteru.<\/p>\n<p data-start=\"0\" data-end=\"269\">Na zako\u0144czenie wszyscy uczestnicy otrzymali drobne nagrody w postaci ksi\u0105\u017ceczek oraz dyplom\u00f3w.<\/p>\n<p>Cieszymy si\u0119, \u017ce tak wiele dzieci z rado\u015bci\u0105 wzi\u0119\u0142o udzia\u0142 w tym wyj\u0105tkowym, literackim wydarzeniu.<\/p>\n<div id='pe-gallery-1' class='pe-gallery pe-gallery-39425 columns-3 img-size-medium'><div class='pe-row'><div class='col-md-4'><figure tabindex='0' class='pe-gallery-item ' ><div class='pe-gallery-image landscape'>\r\n\t\t\t\t\t\t\t<a href=\"https:\/\/przedszkole61.edu.wroclaw.pl\/wp-content\/uploads\/sites\/58\/2026\/02\/przeglad.jpeg\"><img loading=\"lazy\" decoding=\"async\" width=\"300\" height=\"225\" src=\"https:\/\/przedszkole61.edu.wroclaw.pl\/wp-content\/uploads\/sites\/58\/2026\/02\/przeglad-300x225.jpeg\" class=\"attachment-medium size-medium\" alt=\"\" data-no-retina=\"\" srcset=\"https:\/\/przedszkole61.edu.wroclaw.pl\/wp-content\/uploads\/sites\/58\/2026\/02\/przeglad-300x225.jpeg 300w, https:\/\/przedszkole61.edu.wroclaw.pl\/wp-content\/uploads\/sites\/58\/2026\/02\/przeglad-1024x768.jpeg 1024w, https:\/\/przedszkole61.edu.wroclaw.pl\/wp-content\/uploads\/sites\/58\/2026\/02\/przeglad-768x576.jpeg 768w, https:\/\/przedszkole61.edu.wroclaw.pl\/wp-content\/uploads\/sites\/58\/2026\/02\/przeglad-1536x1152.jpeg 1536w, https:\/\/przedszkole61.edu.wroclaw.pl\/wp-content\/uploads\/sites\/58\/2026\/02\/przeglad.jpeg 1600w\" sizes=\"auto, (max-width: 300px) 100vw, 300px\" \/><\/a>\r\n\t\t\t\t\t\t<\/div><\/figure><\/div><div class='col-md-4'><figure tabindex='0' class='pe-gallery-item ' ><div class='pe-gallery-image portrait'>\r\n\t\t\t\t\t\t\t<a href=\"https:\/\/przedszkole61.edu.wroclaw.pl\/wp-content\/uploads\/sites\/58\/2026\/02\/przeglad-2.jpeg\"><img loading=\"lazy\" decoding=\"async\" width=\"225\" height=\"300\" src=\"https:\/\/przedszkole61.edu.wroclaw.pl\/wp-content\/uploads\/sites\/58\/2026\/02\/przeglad-2-225x300.jpeg\" class=\"attachment-medium size-medium\" alt=\"\" data-no-retina=\"\" srcset=\"https:\/\/przedszkole61.edu.wroclaw.pl\/wp-content\/uploads\/sites\/58\/2026\/02\/przeglad-2-225x300.jpeg 225w, https:\/\/przedszkole61.edu.wroclaw.pl\/wp-content\/uploads\/sites\/58\/2026\/02\/przeglad-2-768x1024.jpeg 768w, https:\/\/przedszkole61.edu.wroclaw.pl\/wp-content\/uploads\/sites\/58\/2026\/02\/przeglad-2-1152x1536.jpeg 1152w, https:\/\/przedszkole61.edu.wroclaw.pl\/wp-content\/uploads\/sites\/58\/2026\/02\/przeglad-2.jpeg 1200w\" sizes=\"auto, (max-width: 225px) 100vw, 225px\" \/><\/a>\r\n\t\t\t\t\t\t<\/div><\/figure><\/div><div class='col-md-4'><figure tabindex='0' class='pe-gallery-item ' ><div class='pe-gallery-image portrait'>\r\n\t\t\t\t\t\t\t<a href=\"https:\/\/przedszkole61.edu.wroclaw.pl\/wp-content\/uploads\/sites\/58\/2026\/02\/przeglad-1.jpeg\"><img loading=\"lazy\" decoding=\"async\" width=\"225\" height=\"300\" src=\"https:\/\/przedszkole61.edu.wroclaw.pl\/wp-content\/uploads\/sites\/58\/2026\/02\/przeglad-1-225x300.jpeg\" class=\"attachment-medium size-medium\" alt=\"\" data-no-retina=\"\" srcset=\"https:\/\/przedszkole61.edu.wroclaw.pl\/wp-content\/uploads\/sites\/58\/2026\/02\/przeglad-1-225x300.jpeg 225w, https:\/\/przedszkole61.edu.wroclaw.pl\/wp-content\/uploads\/sites\/58\/2026\/02\/przeglad-1-768x1024.jpeg 768w, https:\/\/przedszkole61.edu.wroclaw.pl\/wp-content\/uploads\/sites\/58\/2026\/02\/przeglad-1-1152x1536.jpeg 1152w, https:\/\/przedszkole61.edu.wroclaw.pl\/wp-content\/uploads\/sites\/58\/2026\/02\/przeglad-1.jpeg 1200w\" sizes=\"auto, (max-width: 225px) 100vw, 225px\" \/><\/a>\r\n\t\t\t\t\t\t<\/div><\/figure><\/div><\/div><\/div>\n\n","protected":false},"excerpt":{"rendered":"<p>17 lutego w naszym przedszkolu odby\u0142 si\u0119 Przegl\u0105d Recytatorski pod has\u0142em : Magia polskiej literatury dzieci\u0119cej. Wydarzenie rozpocz\u0119li\u015bmy wsp\u00f3lnym \u015bpiewem piosenki pod tytu\u0142em Witajcie w naszej bajce z filmu Akademia [&hellip;]<\/p>\n","protected":false},"author":465,"featured_media":39428,"comment_status":"closed","ping_status":"closed","sticky":false,"template":"","format":"standard","meta":{"ngg_post_thumbnail":0,"footnotes":""},"categories":[8],"tags":[],"class_list":["post-39425","post","type-post","status-publish","format-standard","has-post-thumbnail","hentry","category-wydarzenia","clearfix"],"_links":{"self":[{"href":"https:\/\/przedszkole61.edu.wroclaw.pl\/index.php\/wp-json\/wp\/v2\/posts\/39425","targetHints":{"allow":["GET"]}}],"collection":[{"href":"https:\/\/przedszkole61.edu.wroclaw.pl\/index.php\/wp-json\/wp\/v2\/posts"}],"about":[{"href":"https:\/\/przedszkole61.edu.wroclaw.pl\/index.php\/wp-json\/wp\/v2\/types\/post"}],"author":[{"embeddable":true,"href":"https:\/\/przedszkole61.edu.wroclaw.pl\/index.php\/wp-json\/wp\/v2\/users\/465"}],"replies":[{"embeddable":true,"href":"https:\/\/przedszkole61.edu.wroclaw.pl\/index.php\/wp-json\/wp\/v2\/comments?post=39425"}],"version-history":[{"count":2,"href":"https:\/\/przedszkole61.edu.wroclaw.pl\/index.php\/wp-json\/wp\/v2\/posts\/39425\/revisions"}],"predecessor-version":[{"id":39430,"href":"https:\/\/przedszkole61.edu.wroclaw.pl\/index.php\/wp-json\/wp\/v2\/posts\/39425\/revisions\/39430"}],"wp:featuredmedia":[{"embeddable":true,"href":"https:\/\/przedszkole61.edu.wroclaw.pl\/index.php\/wp-json\/wp\/v2\/media\/39428"}],"wp:attachment":[{"href":"https:\/\/przedszkole61.edu.wroclaw.pl\/index.php\/wp-json\/wp\/v2\/media?parent=39425"}],"wp:term":[{"taxonomy":"category","embeddable":true,"href":"https:\/\/przedszkole61.edu.wroclaw.pl\/index.php\/wp-json\/wp\/v2\/categories?post=39425"},{"taxonomy":"post_tag","embeddable":true,"href":"https:\/\/przedszkole61.edu.wroclaw.pl\/index.php\/wp-json\/wp\/v2\/tags?post=39425"}],"curies":[{"name":"wp","href":"https:\/\/api.w.org\/{rel}","templated":true}]}}