
{"id":39515,"date":"2026-02-25T14:11:58","date_gmt":"2026-02-25T13:11:58","guid":{"rendered":"https:\/\/przedszkole61.edu.wroclaw.pl\/?p=39515"},"modified":"2026-02-25T21:32:43","modified_gmt":"2026-02-25T20:32:43","slug":"walentynkowy-zawrot-glowy-zabawa-walentynkowa","status":"publish","type":"post","link":"https:\/\/przedszkole61.edu.wroclaw.pl\/index.php\/2026\/02\/25\/walentynkowy-zawrot-glowy-zabawa-walentynkowa\/","title":{"rendered":"Walentynkowy zawr\u00f3t g\u0142owy- zabawa Walentynkowa!"},"content":{"rendered":"<p data-start=\"109\" data-end=\"301\">23 lutego nasze przedszkole opanowa\u0142 mi\u0142osny kolor czerwony! Zar\u00f3wno dzieci, jak i ca\u0142a kadra przyszli tego dnia w ubraniach z czerwonymi elementami, tworz\u0105c wyj\u0105tkow\u0105, walentynkow\u0105 atmosfer\u0119.<\/p>\n<p data-start=\"303\" data-end=\"498\">Tego dnia nie zabrak\u0142o radosnej zabawy, quiz\u00f3w oraz ciekawostek zwi\u0105zanych ze \u015awi\u0119tem Zakochanych. Przedszkolaki spisa\u0142y si\u0119 na medal \u2013 wykaza\u0142y si\u0119 wiedz\u0105, zaanga\u017cowaniem i ogromnym entuzjazmem.<\/p>\n<p data-start=\"500\" data-end=\"698\">By\u0142y tak\u017ce wsp\u00f3lne ta\u0144ce i \u015bpiewy, podczas kt\u00f3rych dzieci ch\u0119tnie w\u0142\u0105cza\u0142y si\u0119 do zabawy. To by\u0142 dzie\u0144 pe\u0142en u\u015bmiechu, serdeczno\u015bci i pozytywnych emocji.<\/p>\n<p data-start=\"700\" data-end=\"800\">Uroczysto\u015b\u0107 walentynkow\u0105 przygotowa\u0142a grupa III \u2764\ufe0f<\/p>\n<div id='pe-gallery-1' class='pe-gallery pe-gallery-39515 columns-3 img-size-medium'><div class='pe-row'><div class='col-md-4'><figure tabindex='0' class='pe-gallery-item pe-gallery-modal' data-mfp-src='#modal-gallery-1-39486'><div class='pe-gallery-image landscape'>\r\n\t\t\t\t\t\t\t<img loading=\"lazy\" decoding=\"async\" width=\"300\" height=\"225\" src=\"https:\/\/przedszkole61.edu.wroclaw.pl\/wp-content\/uploads\/sites\/58\/2026\/02\/wal-14-300x225.jpeg\" class=\"attachment-medium size-medium\" alt=\"\" data-no-retina=\"\" srcset=\"https:\/\/przedszkole61.edu.wroclaw.pl\/wp-content\/uploads\/sites\/58\/2026\/02\/wal-14-300x225.jpeg 300w, https:\/\/przedszkole61.edu.wroclaw.pl\/wp-content\/uploads\/sites\/58\/2026\/02\/wal-14-1024x768.jpeg 1024w, https:\/\/przedszkole61.edu.wroclaw.pl\/wp-content\/uploads\/sites\/58\/2026\/02\/wal-14-768x576.jpeg 768w, https:\/\/przedszkole61.edu.wroclaw.pl\/wp-content\/uploads\/sites\/58\/2026\/02\/wal-14-1536x1152.jpeg 1536w, https:\/\/przedszkole61.edu.wroclaw.pl\/wp-content\/uploads\/sites\/58\/2026\/02\/wal-14.jpeg 1600w\" sizes=\"auto, (max-width: 300px) 100vw, 300px\" \/>\r\n\t\t\t\t\t\t<\/div><\/figure><div id='modal-gallery-1-39486' class='mfp-modal-content mfp-hide' tabindex='-1' role='dialog' aria-labelledby='gallery-1-39486' style='max-width: 1600px;><h4 id='gallery-1-39486'>wal 14<\/h4><div class='pe-gallery-full-image'><a href=\"https:\/\/przedszkole61.edu.wroclaw.pl\/wp-content\/uploads\/sites\/58\/2026\/02\/wal-14.jpeg\"><img loading=\"lazy\" decoding=\"async\" width=\"1600\" height=\"1200\" src=\"https:\/\/przedszkole61.edu.wroclaw.pl\/wp-content\/uploads\/sites\/58\/2026\/02\/wal-14.jpeg\" class=\"attachment-full size-full\" alt=\"\" data-no-retina=\"\" srcset=\"https:\/\/przedszkole61.edu.wroclaw.pl\/wp-content\/uploads\/sites\/58\/2026\/02\/wal-14.jpeg 1600w, https:\/\/przedszkole61.edu.wroclaw.pl\/wp-content\/uploads\/sites\/58\/2026\/02\/wal-14-300x225.jpeg 300w, https:\/\/przedszkole61.edu.wroclaw.pl\/wp-content\/uploads\/sites\/58\/2026\/02\/wal-14-1024x768.jpeg 1024w, https:\/\/przedszkole61.edu.wroclaw.pl\/wp-content\/uploads\/sites\/58\/2026\/02\/wal-14-768x576.jpeg 768w, https:\/\/przedszkole61.edu.wroclaw.pl\/wp-content\/uploads\/sites\/58\/2026\/02\/wal-14-1536x1152.jpeg 1536w\" sizes=\"auto, (max-width: 1600px) 100vw, 1600px\" \/><\/a><\/div><p><\/p><\/div><\/div><div class='col-md-4'><figure tabindex='0' class='pe-gallery-item pe-gallery-modal' data-mfp-src='#modal-gallery-1-39494'><div class='pe-gallery-image landscape'>\r\n\t\t\t\t\t\t\t<img loading=\"lazy\" decoding=\"async\" width=\"300\" height=\"169\" src=\"https:\/\/przedszkole61.edu.wroclaw.pl\/wp-content\/uploads\/sites\/58\/2026\/02\/wal11-300x169.jpeg\" class=\"attachment-medium size-medium\" alt=\"\" data-no-retina=\"\" srcset=\"https:\/\/przedszkole61.edu.wroclaw.pl\/wp-content\/uploads\/sites\/58\/2026\/02\/wal11-300x169.jpeg 300w, https:\/\/przedszkole61.edu.wroclaw.pl\/wp-content\/uploads\/sites\/58\/2026\/02\/wal11-1024x577.jpeg 1024w, https:\/\/przedszkole61.edu.wroclaw.pl\/wp-content\/uploads\/sites\/58\/2026\/02\/wal11-768x432.jpeg 768w, https:\/\/przedszkole61.edu.wroclaw.pl\/wp-content\/uploads\/sites\/58\/2026\/02\/wal11-1536x865.jpeg 1536w, https:\/\/przedszkole61.edu.wroclaw.pl\/wp-content\/uploads\/sites\/58\/2026\/02\/wal11.jpeg 2000w\" sizes=\"auto, (max-width: 300px) 100vw, 300px\" \/>\r\n\t\t\t\t\t\t<\/div><\/figure><div id='modal-gallery-1-39494' class='mfp-modal-content mfp-hide' tabindex='-1' role='dialog' aria-labelledby='gallery-1-39494' style='max-width: 2000px;><h4 id='gallery-1-39494'>wal11<\/h4><div class='pe-gallery-full-image'><a href=\"https:\/\/przedszkole61.edu.wroclaw.pl\/wp-content\/uploads\/sites\/58\/2026\/02\/wal11.jpeg\"><img loading=\"lazy\" decoding=\"async\" width=\"2000\" height=\"1126\" src=\"https:\/\/przedszkole61.edu.wroclaw.pl\/wp-content\/uploads\/sites\/58\/2026\/02\/wal11.jpeg\" class=\"attachment-full size-full\" alt=\"\" data-no-retina=\"\" srcset=\"https:\/\/przedszkole61.edu.wroclaw.pl\/wp-content\/uploads\/sites\/58\/2026\/02\/wal11.jpeg 2000w, https:\/\/przedszkole61.edu.wroclaw.pl\/wp-content\/uploads\/sites\/58\/2026\/02\/wal11-300x169.jpeg 300w, https:\/\/przedszkole61.edu.wroclaw.pl\/wp-content\/uploads\/sites\/58\/2026\/02\/wal11-1024x577.jpeg 1024w, https:\/\/przedszkole61.edu.wroclaw.pl\/wp-content\/uploads\/sites\/58\/2026\/02\/wal11-768x432.jpeg 768w, https:\/\/przedszkole61.edu.wroclaw.pl\/wp-content\/uploads\/sites\/58\/2026\/02\/wal11-1536x865.jpeg 1536w\" sizes=\"auto, (max-width: 2000px) 100vw, 2000px\" \/><\/a><\/div><p><\/p><\/div><\/div><div class='col-md-4'><figure tabindex='0' class='pe-gallery-item pe-gallery-modal' data-mfp-src='#modal-gallery-1-39496'><div class='pe-gallery-image portrait'>\r\n\t\t\t\t\t\t\t<img loading=\"lazy\" decoding=\"async\" width=\"225\" height=\"300\" src=\"https:\/\/przedszkole61.edu.wroclaw.pl\/wp-content\/uploads\/sites\/58\/2026\/02\/wale8-225x300.jpeg\" class=\"attachment-medium size-medium\" alt=\"\" data-no-retina=\"\" srcset=\"https:\/\/przedszkole61.edu.wroclaw.pl\/wp-content\/uploads\/sites\/58\/2026\/02\/wale8-225x300.jpeg 225w, https:\/\/przedszkole61.edu.wroclaw.pl\/wp-content\/uploads\/sites\/58\/2026\/02\/wale8-768x1024.jpeg 768w, https:\/\/przedszkole61.edu.wroclaw.pl\/wp-content\/uploads\/sites\/58\/2026\/02\/wale8-1152x1536.jpeg 1152w, https:\/\/przedszkole61.edu.wroclaw.pl\/wp-content\/uploads\/sites\/58\/2026\/02\/wale8.jpeg 1200w\" sizes=\"auto, (max-width: 225px) 100vw, 225px\" \/>\r\n\t\t\t\t\t\t<\/div><\/figure><div id='modal-gallery-1-39496' class='mfp-modal-content mfp-hide' tabindex='-1' role='dialog' aria-labelledby='gallery-1-39496' style='max-width: 1200px;><h4 id='gallery-1-39496'>wale8<\/h4><div class='pe-gallery-full-image'><a href=\"https:\/\/przedszkole61.edu.wroclaw.pl\/wp-content\/uploads\/sites\/58\/2026\/02\/wale8.jpeg\"><img loading=\"lazy\" decoding=\"async\" width=\"1200\" height=\"1600\" src=\"https:\/\/przedszkole61.edu.wroclaw.pl\/wp-content\/uploads\/sites\/58\/2026\/02\/wale8.jpeg\" class=\"attachment-full size-full\" alt=\"\" data-no-retina=\"\" srcset=\"https:\/\/przedszkole61.edu.wroclaw.pl\/wp-content\/uploads\/sites\/58\/2026\/02\/wale8.jpeg 1200w, https:\/\/przedszkole61.edu.wroclaw.pl\/wp-content\/uploads\/sites\/58\/2026\/02\/wale8-225x300.jpeg 225w, https:\/\/przedszkole61.edu.wroclaw.pl\/wp-content\/uploads\/sites\/58\/2026\/02\/wale8-768x1024.jpeg 768w, https:\/\/przedszkole61.edu.wroclaw.pl\/wp-content\/uploads\/sites\/58\/2026\/02\/wale8-1152x1536.jpeg 1152w\" sizes=\"auto, (max-width: 1200px) 100vw, 1200px\" \/><\/a><\/div><p><\/p><\/div><\/div><div class='col-md-4'><figure tabindex='0' class='pe-gallery-item pe-gallery-modal' data-mfp-src='#modal-gallery-1-39493'><div class='pe-gallery-image portrait'>\r\n\t\t\t\t\t\t\t<img loading=\"lazy\" decoding=\"async\" width=\"225\" height=\"300\" src=\"https:\/\/przedszkole61.edu.wroclaw.pl\/wp-content\/uploads\/sites\/58\/2026\/02\/wal7-225x300.jpeg\" class=\"attachment-medium size-medium\" alt=\"\" data-no-retina=\"\" srcset=\"https:\/\/przedszkole61.edu.wroclaw.pl\/wp-content\/uploads\/sites\/58\/2026\/02\/wal7-225x300.jpeg 225w, https:\/\/przedszkole61.edu.wroclaw.pl\/wp-content\/uploads\/sites\/58\/2026\/02\/wal7-767x1024.jpeg 767w, https:\/\/przedszkole61.edu.wroclaw.pl\/wp-content\/uploads\/sites\/58\/2026\/02\/wal7-768x1025.jpeg 768w, https:\/\/przedszkole61.edu.wroclaw.pl\/wp-content\/uploads\/sites\/58\/2026\/02\/wal7-1151x1536.jpeg 1151w, https:\/\/przedszkole61.edu.wroclaw.pl\/wp-content\/uploads\/sites\/58\/2026\/02\/wal7.jpeg 1199w\" sizes=\"auto, (max-width: 225px) 100vw, 225px\" \/>\r\n\t\t\t\t\t\t<\/div><\/figure><div id='modal-gallery-1-39493' class='mfp-modal-content mfp-hide' tabindex='-1' role='dialog' aria-labelledby='gallery-1-39493' style='max-width: 1199px;><h4 id='gallery-1-39493'>wal7<\/h4><div class='pe-gallery-full-image'><a href=\"https:\/\/przedszkole61.edu.wroclaw.pl\/wp-content\/uploads\/sites\/58\/2026\/02\/wal7.jpeg\"><img loading=\"lazy\" decoding=\"async\" width=\"1199\" height=\"1600\" src=\"https:\/\/przedszkole61.edu.wroclaw.pl\/wp-content\/uploads\/sites\/58\/2026\/02\/wal7.jpeg\" class=\"attachment-full size-full\" alt=\"\" data-no-retina=\"\" srcset=\"https:\/\/przedszkole61.edu.wroclaw.pl\/wp-content\/uploads\/sites\/58\/2026\/02\/wal7.jpeg 1199w, https:\/\/przedszkole61.edu.wroclaw.pl\/wp-content\/uploads\/sites\/58\/2026\/02\/wal7-225x300.jpeg 225w, https:\/\/przedszkole61.edu.wroclaw.pl\/wp-content\/uploads\/sites\/58\/2026\/02\/wal7-767x1024.jpeg 767w, https:\/\/przedszkole61.edu.wroclaw.pl\/wp-content\/uploads\/sites\/58\/2026\/02\/wal7-768x1025.jpeg 768w, https:\/\/przedszkole61.edu.wroclaw.pl\/wp-content\/uploads\/sites\/58\/2026\/02\/wal7-1151x1536.jpeg 1151w\" sizes=\"auto, (max-width: 1199px) 100vw, 1199px\" \/><\/a><\/div><p><\/p><\/div><\/div><div class='col-md-4'><figure tabindex='0' class='pe-gallery-item pe-gallery-modal' data-mfp-src='#modal-gallery-1-39492'><div class='pe-gallery-image portrait'>\r\n\t\t\t\t\t\t\t<img loading=\"lazy\" decoding=\"async\" width=\"225\" height=\"300\" src=\"https:\/\/przedszkole61.edu.wroclaw.pl\/wp-content\/uploads\/sites\/58\/2026\/02\/wal6-225x300.jpeg\" class=\"attachment-medium size-medium\" alt=\"\" data-no-retina=\"\" srcset=\"https:\/\/przedszkole61.edu.wroclaw.pl\/wp-content\/uploads\/sites\/58\/2026\/02\/wal6-225x300.jpeg 225w, https:\/\/przedszkole61.edu.wroclaw.pl\/wp-content\/uploads\/sites\/58\/2026\/02\/wal6-767x1024.jpeg 767w, https:\/\/przedszkole61.edu.wroclaw.pl\/wp-content\/uploads\/sites\/58\/2026\/02\/wal6-768x1025.jpeg 768w, https:\/\/przedszkole61.edu.wroclaw.pl\/wp-content\/uploads\/sites\/58\/2026\/02\/wal6-1151x1536.jpeg 1151w, https:\/\/przedszkole61.edu.wroclaw.pl\/wp-content\/uploads\/sites\/58\/2026\/02\/wal6.jpeg 1199w\" sizes=\"auto, (max-width: 225px) 100vw, 225px\" \/>\r\n\t\t\t\t\t\t<\/div><\/figure><div id='modal-gallery-1-39492' class='mfp-modal-content mfp-hide' tabindex='-1' role='dialog' aria-labelledby='gallery-1-39492' style='max-width: 1199px;><h4 id='gallery-1-39492'>wal6<\/h4><div class='pe-gallery-full-image'><a href=\"https:\/\/przedszkole61.edu.wroclaw.pl\/wp-content\/uploads\/sites\/58\/2026\/02\/wal6.jpeg\"><img loading=\"lazy\" decoding=\"async\" width=\"1199\" height=\"1600\" src=\"https:\/\/przedszkole61.edu.wroclaw.pl\/wp-content\/uploads\/sites\/58\/2026\/02\/wal6.jpeg\" class=\"attachment-full size-full\" alt=\"\" data-no-retina=\"\" srcset=\"https:\/\/przedszkole61.edu.wroclaw.pl\/wp-content\/uploads\/sites\/58\/2026\/02\/wal6.jpeg 1199w, https:\/\/przedszkole61.edu.wroclaw.pl\/wp-content\/uploads\/sites\/58\/2026\/02\/wal6-225x300.jpeg 225w, https:\/\/przedszkole61.edu.wroclaw.pl\/wp-content\/uploads\/sites\/58\/2026\/02\/wal6-767x1024.jpeg 767w, https:\/\/przedszkole61.edu.wroclaw.pl\/wp-content\/uploads\/sites\/58\/2026\/02\/wal6-768x1025.jpeg 768w, https:\/\/przedszkole61.edu.wroclaw.pl\/wp-content\/uploads\/sites\/58\/2026\/02\/wal6-1151x1536.jpeg 1151w\" sizes=\"auto, (max-width: 1199px) 100vw, 1199px\" \/><\/a><\/div><p><\/p><\/div><\/div><div class='col-md-4'><figure tabindex='0' class='pe-gallery-item pe-gallery-modal' data-mfp-src='#modal-gallery-1-39498'><div class='pe-gallery-image portrait'>\r\n\t\t\t\t\t\t\t<img loading=\"lazy\" decoding=\"async\" width=\"169\" height=\"300\" src=\"https:\/\/przedszkole61.edu.wroclaw.pl\/wp-content\/uploads\/sites\/58\/2026\/02\/wall13-169x300.jpeg\" class=\"attachment-medium size-medium\" alt=\"\" data-no-retina=\"\" srcset=\"https:\/\/przedszkole61.edu.wroclaw.pl\/wp-content\/uploads\/sites\/58\/2026\/02\/wall13-169x300.jpeg 169w, https:\/\/przedszkole61.edu.wroclaw.pl\/wp-content\/uploads\/sites\/58\/2026\/02\/wall13-577x1024.jpeg 577w, https:\/\/przedszkole61.edu.wroclaw.pl\/wp-content\/uploads\/sites\/58\/2026\/02\/wall13-768x1364.jpeg 768w, https:\/\/przedszkole61.edu.wroclaw.pl\/wp-content\/uploads\/sites\/58\/2026\/02\/wall13-865x1536.jpeg 865w, https:\/\/przedszkole61.edu.wroclaw.pl\/wp-content\/uploads\/sites\/58\/2026\/02\/wall13.jpeg 1126w\" sizes=\"auto, (max-width: 169px) 100vw, 169px\" \/>\r\n\t\t\t\t\t\t<\/div><\/figure><div id='modal-gallery-1-39498' class='mfp-modal-content mfp-hide' tabindex='-1' role='dialog' aria-labelledby='gallery-1-39498' style='max-width: 1126px;><h4 id='gallery-1-39498'>wall13<\/h4><div class='pe-gallery-full-image'><a href=\"https:\/\/przedszkole61.edu.wroclaw.pl\/wp-content\/uploads\/sites\/58\/2026\/02\/wall13.jpeg\"><img loading=\"lazy\" decoding=\"async\" width=\"1126\" height=\"2000\" src=\"https:\/\/przedszkole61.edu.wroclaw.pl\/wp-content\/uploads\/sites\/58\/2026\/02\/wall13.jpeg\" class=\"attachment-full size-full\" alt=\"\" data-no-retina=\"\" srcset=\"https:\/\/przedszkole61.edu.wroclaw.pl\/wp-content\/uploads\/sites\/58\/2026\/02\/wall13.jpeg 1126w, https:\/\/przedszkole61.edu.wroclaw.pl\/wp-content\/uploads\/sites\/58\/2026\/02\/wall13-169x300.jpeg 169w, https:\/\/przedszkole61.edu.wroclaw.pl\/wp-content\/uploads\/sites\/58\/2026\/02\/wall13-577x1024.jpeg 577w, https:\/\/przedszkole61.edu.wroclaw.pl\/wp-content\/uploads\/sites\/58\/2026\/02\/wall13-768x1364.jpeg 768w, https:\/\/przedszkole61.edu.wroclaw.pl\/wp-content\/uploads\/sites\/58\/2026\/02\/wall13-865x1536.jpeg 865w\" sizes=\"auto, (max-width: 1126px) 100vw, 1126px\" \/><\/a><\/div><p><\/p><\/div><\/div><div class='col-md-4'><figure tabindex='0' class='pe-gallery-item pe-gallery-modal' data-mfp-src='#modal-gallery-1-39483'><div class='pe-gallery-image portrait'>\r\n\t\t\t\t\t\t\t<img loading=\"lazy\" decoding=\"async\" width=\"169\" height=\"300\" src=\"https:\/\/przedszkole61.edu.wroclaw.pl\/wp-content\/uploads\/sites\/58\/2026\/02\/wal-9-169x300.jpeg\" class=\"attachment-medium size-medium\" alt=\"\" data-no-retina=\"\" srcset=\"https:\/\/przedszkole61.edu.wroclaw.pl\/wp-content\/uploads\/sites\/58\/2026\/02\/wal-9-169x300.jpeg 169w, https:\/\/przedszkole61.edu.wroclaw.pl\/wp-content\/uploads\/sites\/58\/2026\/02\/wal-9-577x1024.jpeg 577w, https:\/\/przedszkole61.edu.wroclaw.pl\/wp-content\/uploads\/sites\/58\/2026\/02\/wal-9-768x1364.jpeg 768w, https:\/\/przedszkole61.edu.wroclaw.pl\/wp-content\/uploads\/sites\/58\/2026\/02\/wal-9-865x1536.jpeg 865w, https:\/\/przedszkole61.edu.wroclaw.pl\/wp-content\/uploads\/sites\/58\/2026\/02\/wal-9.jpeg 1126w\" sizes=\"auto, (max-width: 169px) 100vw, 169px\" \/>\r\n\t\t\t\t\t\t<\/div><\/figure><div id='modal-gallery-1-39483' class='mfp-modal-content mfp-hide' tabindex='-1' role='dialog' aria-labelledby='gallery-1-39483' style='max-width: 1126px;><h4 id='gallery-1-39483'>wal 9<\/h4><div class='pe-gallery-full-image'><a href=\"https:\/\/przedszkole61.edu.wroclaw.pl\/wp-content\/uploads\/sites\/58\/2026\/02\/wal-9.jpeg\"><img loading=\"lazy\" decoding=\"async\" width=\"1126\" height=\"2000\" src=\"https:\/\/przedszkole61.edu.wroclaw.pl\/wp-content\/uploads\/sites\/58\/2026\/02\/wal-9.jpeg\" class=\"attachment-full size-full\" alt=\"\" data-no-retina=\"\" srcset=\"https:\/\/przedszkole61.edu.wroclaw.pl\/wp-content\/uploads\/sites\/58\/2026\/02\/wal-9.jpeg 1126w, https:\/\/przedszkole61.edu.wroclaw.pl\/wp-content\/uploads\/sites\/58\/2026\/02\/wal-9-169x300.jpeg 169w, https:\/\/przedszkole61.edu.wroclaw.pl\/wp-content\/uploads\/sites\/58\/2026\/02\/wal-9-577x1024.jpeg 577w, https:\/\/przedszkole61.edu.wroclaw.pl\/wp-content\/uploads\/sites\/58\/2026\/02\/wal-9-768x1364.jpeg 768w, https:\/\/przedszkole61.edu.wroclaw.pl\/wp-content\/uploads\/sites\/58\/2026\/02\/wal-9-865x1536.jpeg 865w\" sizes=\"auto, (max-width: 1126px) 100vw, 1126px\" \/><\/a><\/div><p><\/p><\/div><\/div><div class='col-md-4'><figure tabindex='0' class='pe-gallery-item pe-gallery-modal' data-mfp-src='#modal-gallery-1-39495'><div class='pe-gallery-image portrait'>\r\n\t\t\t\t\t\t\t<img loading=\"lazy\" decoding=\"async\" width=\"169\" height=\"300\" src=\"https:\/\/przedszkole61.edu.wroclaw.pl\/wp-content\/uploads\/sites\/58\/2026\/02\/wal12-169x300.jpeg\" class=\"attachment-medium size-medium\" alt=\"\" data-no-retina=\"\" srcset=\"https:\/\/przedszkole61.edu.wroclaw.pl\/wp-content\/uploads\/sites\/58\/2026\/02\/wal12-169x300.jpeg 169w, https:\/\/przedszkole61.edu.wroclaw.pl\/wp-content\/uploads\/sites\/58\/2026\/02\/wal12-577x1024.jpeg 577w, https:\/\/przedszkole61.edu.wroclaw.pl\/wp-content\/uploads\/sites\/58\/2026\/02\/wal12-768x1364.jpeg 768w, https:\/\/przedszkole61.edu.wroclaw.pl\/wp-content\/uploads\/sites\/58\/2026\/02\/wal12-865x1536.jpeg 865w, https:\/\/przedszkole61.edu.wroclaw.pl\/wp-content\/uploads\/sites\/58\/2026\/02\/wal12.jpeg 1126w\" sizes=\"auto, (max-width: 169px) 100vw, 169px\" \/>\r\n\t\t\t\t\t\t<\/div><\/figure><div id='modal-gallery-1-39495' class='mfp-modal-content mfp-hide' tabindex='-1' role='dialog' aria-labelledby='gallery-1-39495' style='max-width: 1126px;><h4 id='gallery-1-39495'>wal12<\/h4><div class='pe-gallery-full-image'><a href=\"https:\/\/przedszkole61.edu.wroclaw.pl\/wp-content\/uploads\/sites\/58\/2026\/02\/wal12.jpeg\"><img loading=\"lazy\" decoding=\"async\" width=\"1126\" height=\"2000\" src=\"https:\/\/przedszkole61.edu.wroclaw.pl\/wp-content\/uploads\/sites\/58\/2026\/02\/wal12.jpeg\" class=\"attachment-full size-full\" alt=\"\" data-no-retina=\"\" srcset=\"https:\/\/przedszkole61.edu.wroclaw.pl\/wp-content\/uploads\/sites\/58\/2026\/02\/wal12.jpeg 1126w, https:\/\/przedszkole61.edu.wroclaw.pl\/wp-content\/uploads\/sites\/58\/2026\/02\/wal12-169x300.jpeg 169w, https:\/\/przedszkole61.edu.wroclaw.pl\/wp-content\/uploads\/sites\/58\/2026\/02\/wal12-577x1024.jpeg 577w, https:\/\/przedszkole61.edu.wroclaw.pl\/wp-content\/uploads\/sites\/58\/2026\/02\/wal12-768x1364.jpeg 768w, https:\/\/przedszkole61.edu.wroclaw.pl\/wp-content\/uploads\/sites\/58\/2026\/02\/wal12-865x1536.jpeg 865w\" sizes=\"auto, (max-width: 1126px) 100vw, 1126px\" \/><\/a><\/div><p><\/p><\/div><\/div><div class='col-md-4'><figure tabindex='0' class='pe-gallery-item pe-gallery-modal' data-mfp-src='#modal-gallery-1-39484'><div class='pe-gallery-image landscape'>\r\n\t\t\t\t\t\t\t<img loading=\"lazy\" decoding=\"async\" width=\"300\" height=\"169\" src=\"https:\/\/przedszkole61.edu.wroclaw.pl\/wp-content\/uploads\/sites\/58\/2026\/02\/wal-10-300x169.jpeg\" class=\"attachment-medium size-medium\" alt=\"\" data-no-retina=\"\" srcset=\"https:\/\/przedszkole61.edu.wroclaw.pl\/wp-content\/uploads\/sites\/58\/2026\/02\/wal-10-300x169.jpeg 300w, https:\/\/przedszkole61.edu.wroclaw.pl\/wp-content\/uploads\/sites\/58\/2026\/02\/wal-10-1024x577.jpeg 1024w, https:\/\/przedszkole61.edu.wroclaw.pl\/wp-content\/uploads\/sites\/58\/2026\/02\/wal-10-768x432.jpeg 768w, https:\/\/przedszkole61.edu.wroclaw.pl\/wp-content\/uploads\/sites\/58\/2026\/02\/wal-10-1536x865.jpeg 1536w, https:\/\/przedszkole61.edu.wroclaw.pl\/wp-content\/uploads\/sites\/58\/2026\/02\/wal-10.jpeg 2000w\" sizes=\"auto, (max-width: 300px) 100vw, 300px\" \/>\r\n\t\t\t\t\t\t<\/div><\/figure><div id='modal-gallery-1-39484' class='mfp-modal-content mfp-hide' tabindex='-1' role='dialog' aria-labelledby='gallery-1-39484' style='max-width: 2000px;><h4 id='gallery-1-39484'>wal 10<\/h4><div class='pe-gallery-full-image'><a href=\"https:\/\/przedszkole61.edu.wroclaw.pl\/wp-content\/uploads\/sites\/58\/2026\/02\/wal-10.jpeg\"><img loading=\"lazy\" decoding=\"async\" width=\"2000\" height=\"1126\" src=\"https:\/\/przedszkole61.edu.wroclaw.pl\/wp-content\/uploads\/sites\/58\/2026\/02\/wal-10.jpeg\" class=\"attachment-full size-full\" alt=\"\" data-no-retina=\"\" srcset=\"https:\/\/przedszkole61.edu.wroclaw.pl\/wp-content\/uploads\/sites\/58\/2026\/02\/wal-10.jpeg 2000w, https:\/\/przedszkole61.edu.wroclaw.pl\/wp-content\/uploads\/sites\/58\/2026\/02\/wal-10-300x169.jpeg 300w, https:\/\/przedszkole61.edu.wroclaw.pl\/wp-content\/uploads\/sites\/58\/2026\/02\/wal-10-1024x577.jpeg 1024w, https:\/\/przedszkole61.edu.wroclaw.pl\/wp-content\/uploads\/sites\/58\/2026\/02\/wal-10-768x432.jpeg 768w, https:\/\/przedszkole61.edu.wroclaw.pl\/wp-content\/uploads\/sites\/58\/2026\/02\/wal-10-1536x865.jpeg 1536w\" sizes=\"auto, (max-width: 2000px) 100vw, 2000px\" \/><\/a><\/div><p><\/p><\/div><\/div><div class='col-md-4'><figure tabindex='0' class='pe-gallery-item pe-gallery-modal' data-mfp-src='#modal-gallery-1-39485'><div class='pe-gallery-image portrait'>\r\n\t\t\t\t\t\t\t<img loading=\"lazy\" decoding=\"async\" width=\"169\" height=\"300\" src=\"https:\/\/przedszkole61.edu.wroclaw.pl\/wp-content\/uploads\/sites\/58\/2026\/02\/wal-11-169x300.jpeg\" class=\"attachment-medium size-medium\" alt=\"\" data-no-retina=\"\" srcset=\"https:\/\/przedszkole61.edu.wroclaw.pl\/wp-content\/uploads\/sites\/58\/2026\/02\/wal-11-169x300.jpeg 169w, https:\/\/przedszkole61.edu.wroclaw.pl\/wp-content\/uploads\/sites\/58\/2026\/02\/wal-11-577x1024.jpeg 577w, https:\/\/przedszkole61.edu.wroclaw.pl\/wp-content\/uploads\/sites\/58\/2026\/02\/wal-11-768x1364.jpeg 768w, https:\/\/przedszkole61.edu.wroclaw.pl\/wp-content\/uploads\/sites\/58\/2026\/02\/wal-11-865x1536.jpeg 865w, https:\/\/przedszkole61.edu.wroclaw.pl\/wp-content\/uploads\/sites\/58\/2026\/02\/wal-11.jpeg 1126w\" sizes=\"auto, (max-width: 169px) 100vw, 169px\" \/>\r\n\t\t\t\t\t\t<\/div><\/figure><div id='modal-gallery-1-39485' class='mfp-modal-content mfp-hide' tabindex='-1' role='dialog' aria-labelledby='gallery-1-39485' style='max-width: 1126px;><h4 id='gallery-1-39485'>wal 11<\/h4><div class='pe-gallery-full-image'><a href=\"https:\/\/przedszkole61.edu.wroclaw.pl\/wp-content\/uploads\/sites\/58\/2026\/02\/wal-11.jpeg\"><img loading=\"lazy\" decoding=\"async\" width=\"1126\" height=\"2000\" src=\"https:\/\/przedszkole61.edu.wroclaw.pl\/wp-content\/uploads\/sites\/58\/2026\/02\/wal-11.jpeg\" class=\"attachment-full size-full\" alt=\"\" data-no-retina=\"\" srcset=\"https:\/\/przedszkole61.edu.wroclaw.pl\/wp-content\/uploads\/sites\/58\/2026\/02\/wal-11.jpeg 1126w, https:\/\/przedszkole61.edu.wroclaw.pl\/wp-content\/uploads\/sites\/58\/2026\/02\/wal-11-169x300.jpeg 169w, https:\/\/przedszkole61.edu.wroclaw.pl\/wp-content\/uploads\/sites\/58\/2026\/02\/wal-11-577x1024.jpeg 577w, https:\/\/przedszkole61.edu.wroclaw.pl\/wp-content\/uploads\/sites\/58\/2026\/02\/wal-11-768x1364.jpeg 768w, https:\/\/przedszkole61.edu.wroclaw.pl\/wp-content\/uploads\/sites\/58\/2026\/02\/wal-11-865x1536.jpeg 865w\" sizes=\"auto, (max-width: 1126px) 100vw, 1126px\" \/><\/a><\/div><p><\/p><\/div><\/div><div class='col-md-4'><figure tabindex='0' class='pe-gallery-item pe-gallery-modal' data-mfp-src='#modal-gallery-1-39497'><div class='pe-gallery-image portrait'>\r\n\t\t\t\t\t\t\t<img loading=\"lazy\" decoding=\"async\" width=\"194\" height=\"300\" src=\"https:\/\/przedszkole61.edu.wroclaw.pl\/wp-content\/uploads\/sites\/58\/2026\/02\/wall8-194x300.jpeg\" class=\"attachment-medium size-medium\" alt=\"\" data-no-retina=\"\" srcset=\"https:\/\/przedszkole61.edu.wroclaw.pl\/wp-content\/uploads\/sites\/58\/2026\/02\/wall8-194x300.jpeg 194w, https:\/\/przedszkole61.edu.wroclaw.pl\/wp-content\/uploads\/sites\/58\/2026\/02\/wall8-663x1024.jpeg 663w, https:\/\/przedszkole61.edu.wroclaw.pl\/wp-content\/uploads\/sites\/58\/2026\/02\/wall8-768x1187.jpeg 768w, https:\/\/przedszkole61.edu.wroclaw.pl\/wp-content\/uploads\/sites\/58\/2026\/02\/wall8-994x1536.jpeg 994w, https:\/\/przedszkole61.edu.wroclaw.pl\/wp-content\/uploads\/sites\/58\/2026\/02\/wall8.jpeg 1126w\" sizes=\"auto, (max-width: 194px) 100vw, 194px\" \/>\r\n\t\t\t\t\t\t<\/div><\/figure><div id='modal-gallery-1-39497' class='mfp-modal-content mfp-hide' tabindex='-1' role='dialog' aria-labelledby='gallery-1-39497' style='max-width: 1126px;><h4 id='gallery-1-39497'>wall8<\/h4><div class='pe-gallery-full-image'><a href=\"https:\/\/przedszkole61.edu.wroclaw.pl\/wp-content\/uploads\/sites\/58\/2026\/02\/wall8.jpeg\"><img loading=\"lazy\" decoding=\"async\" width=\"1126\" height=\"1740\" src=\"https:\/\/przedszkole61.edu.wroclaw.pl\/wp-content\/uploads\/sites\/58\/2026\/02\/wall8.jpeg\" class=\"attachment-full size-full\" alt=\"\" data-no-retina=\"\" srcset=\"https:\/\/przedszkole61.edu.wroclaw.pl\/wp-content\/uploads\/sites\/58\/2026\/02\/wall8.jpeg 1126w, https:\/\/przedszkole61.edu.wroclaw.pl\/wp-content\/uploads\/sites\/58\/2026\/02\/wall8-194x300.jpeg 194w, https:\/\/przedszkole61.edu.wroclaw.pl\/wp-content\/uploads\/sites\/58\/2026\/02\/wall8-663x1024.jpeg 663w, https:\/\/przedszkole61.edu.wroclaw.pl\/wp-content\/uploads\/sites\/58\/2026\/02\/wall8-768x1187.jpeg 768w, https:\/\/przedszkole61.edu.wroclaw.pl\/wp-content\/uploads\/sites\/58\/2026\/02\/wall8-994x1536.jpeg 994w\" sizes=\"auto, (max-width: 1126px) 100vw, 1126px\" \/><\/a><\/div><p><\/p><\/div><\/div><div class='col-md-4'><figure tabindex='0' class='pe-gallery-item pe-gallery-modal' data-mfp-src='#modal-gallery-1-39489'><div class='pe-gallery-image portrait'>\r\n\t\t\t\t\t\t\t<img loading=\"lazy\" decoding=\"async\" width=\"225\" height=\"300\" src=\"https:\/\/przedszkole61.edu.wroclaw.pl\/wp-content\/uploads\/sites\/58\/2026\/02\/wal3-225x300.jpeg\" class=\"attachment-medium size-medium\" alt=\"\" data-no-retina=\"\" srcset=\"https:\/\/przedszkole61.edu.wroclaw.pl\/wp-content\/uploads\/sites\/58\/2026\/02\/wal3-225x300.jpeg 225w, https:\/\/przedszkole61.edu.wroclaw.pl\/wp-content\/uploads\/sites\/58\/2026\/02\/wal3-768x1024.jpeg 768w, https:\/\/przedszkole61.edu.wroclaw.pl\/wp-content\/uploads\/sites\/58\/2026\/02\/wal3-1152x1536.jpeg 1152w, https:\/\/przedszkole61.edu.wroclaw.pl\/wp-content\/uploads\/sites\/58\/2026\/02\/wal3.jpeg 1200w\" sizes=\"auto, (max-width: 225px) 100vw, 225px\" \/>\r\n\t\t\t\t\t\t<\/div><\/figure><div id='modal-gallery-1-39489' class='mfp-modal-content mfp-hide' tabindex='-1' role='dialog' aria-labelledby='gallery-1-39489' style='max-width: 1200px;><h4 id='gallery-1-39489'>wal3<\/h4><div class='pe-gallery-full-image'><a href=\"https:\/\/przedszkole61.edu.wroclaw.pl\/wp-content\/uploads\/sites\/58\/2026\/02\/wal3.jpeg\"><img loading=\"lazy\" decoding=\"async\" width=\"1200\" height=\"1600\" src=\"https:\/\/przedszkole61.edu.wroclaw.pl\/wp-content\/uploads\/sites\/58\/2026\/02\/wal3.jpeg\" class=\"attachment-full size-full\" alt=\"\" data-no-retina=\"\" srcset=\"https:\/\/przedszkole61.edu.wroclaw.pl\/wp-content\/uploads\/sites\/58\/2026\/02\/wal3.jpeg 1200w, https:\/\/przedszkole61.edu.wroclaw.pl\/wp-content\/uploads\/sites\/58\/2026\/02\/wal3-225x300.jpeg 225w, https:\/\/przedszkole61.edu.wroclaw.pl\/wp-content\/uploads\/sites\/58\/2026\/02\/wal3-768x1024.jpeg 768w, https:\/\/przedszkole61.edu.wroclaw.pl\/wp-content\/uploads\/sites\/58\/2026\/02\/wal3-1152x1536.jpeg 1152w\" sizes=\"auto, (max-width: 1200px) 100vw, 1200px\" \/><\/a><\/div><p><\/p><\/div><\/div><div class='col-md-4'><figure tabindex='0' class='pe-gallery-item pe-gallery-modal' data-mfp-src='#modal-gallery-1-39491'><div class='pe-gallery-image portrait'>\r\n\t\t\t\t\t\t\t<img loading=\"lazy\" decoding=\"async\" width=\"225\" height=\"300\" src=\"https:\/\/przedszkole61.edu.wroclaw.pl\/wp-content\/uploads\/sites\/58\/2026\/02\/wal5-225x300.jpeg\" class=\"attachment-medium size-medium\" alt=\"\" data-no-retina=\"\" srcset=\"https:\/\/przedszkole61.edu.wroclaw.pl\/wp-content\/uploads\/sites\/58\/2026\/02\/wal5-225x300.jpeg 225w, https:\/\/przedszkole61.edu.wroclaw.pl\/wp-content\/uploads\/sites\/58\/2026\/02\/wal5-768x1024.jpeg 768w, https:\/\/przedszkole61.edu.wroclaw.pl\/wp-content\/uploads\/sites\/58\/2026\/02\/wal5-1152x1536.jpeg 1152w, https:\/\/przedszkole61.edu.wroclaw.pl\/wp-content\/uploads\/sites\/58\/2026\/02\/wal5.jpeg 1200w\" sizes=\"auto, (max-width: 225px) 100vw, 225px\" \/>\r\n\t\t\t\t\t\t<\/div><\/figure><div id='modal-gallery-1-39491' class='mfp-modal-content mfp-hide' tabindex='-1' role='dialog' aria-labelledby='gallery-1-39491' style='max-width: 1200px;><h4 id='gallery-1-39491'>wal5<\/h4><div class='pe-gallery-full-image'><a href=\"https:\/\/przedszkole61.edu.wroclaw.pl\/wp-content\/uploads\/sites\/58\/2026\/02\/wal5.jpeg\"><img loading=\"lazy\" decoding=\"async\" width=\"1200\" height=\"1600\" src=\"https:\/\/przedszkole61.edu.wroclaw.pl\/wp-content\/uploads\/sites\/58\/2026\/02\/wal5.jpeg\" class=\"attachment-full size-full\" alt=\"\" data-no-retina=\"\" srcset=\"https:\/\/przedszkole61.edu.wroclaw.pl\/wp-content\/uploads\/sites\/58\/2026\/02\/wal5.jpeg 1200w, https:\/\/przedszkole61.edu.wroclaw.pl\/wp-content\/uploads\/sites\/58\/2026\/02\/wal5-225x300.jpeg 225w, https:\/\/przedszkole61.edu.wroclaw.pl\/wp-content\/uploads\/sites\/58\/2026\/02\/wal5-768x1024.jpeg 768w, https:\/\/przedszkole61.edu.wroclaw.pl\/wp-content\/uploads\/sites\/58\/2026\/02\/wal5-1152x1536.jpeg 1152w\" sizes=\"auto, (max-width: 1200px) 100vw, 1200px\" \/><\/a><\/div><p><\/p><\/div><\/div><div class='col-md-4'><figure tabindex='0' class='pe-gallery-item pe-gallery-modal' data-mfp-src='#modal-gallery-1-39488'><div class='pe-gallery-image landscape'>\r\n\t\t\t\t\t\t\t<img loading=\"lazy\" decoding=\"async\" width=\"300\" height=\"225\" src=\"https:\/\/przedszkole61.edu.wroclaw.pl\/wp-content\/uploads\/sites\/58\/2026\/02\/wal2-300x225.jpeg\" class=\"attachment-medium size-medium\" alt=\"\" data-no-retina=\"\" srcset=\"https:\/\/przedszkole61.edu.wroclaw.pl\/wp-content\/uploads\/sites\/58\/2026\/02\/wal2-300x225.jpeg 300w, https:\/\/przedszkole61.edu.wroclaw.pl\/wp-content\/uploads\/sites\/58\/2026\/02\/wal2-1024x768.jpeg 1024w, https:\/\/przedszkole61.edu.wroclaw.pl\/wp-content\/uploads\/sites\/58\/2026\/02\/wal2-768x576.jpeg 768w, https:\/\/przedszkole61.edu.wroclaw.pl\/wp-content\/uploads\/sites\/58\/2026\/02\/wal2-1536x1153.jpeg 1536w, https:\/\/przedszkole61.edu.wroclaw.pl\/wp-content\/uploads\/sites\/58\/2026\/02\/wal2.jpeg 1599w\" sizes=\"auto, (max-width: 300px) 100vw, 300px\" \/>\r\n\t\t\t\t\t\t<\/div><\/figure><div id='modal-gallery-1-39488' class='mfp-modal-content mfp-hide' tabindex='-1' role='dialog' aria-labelledby='gallery-1-39488' style='max-width: 1599px;><h4 id='gallery-1-39488'>wal2<\/h4><div class='pe-gallery-full-image'><a href=\"https:\/\/przedszkole61.edu.wroclaw.pl\/wp-content\/uploads\/sites\/58\/2026\/02\/wal2.jpeg\"><img loading=\"lazy\" decoding=\"async\" width=\"1599\" height=\"1200\" src=\"https:\/\/przedszkole61.edu.wroclaw.pl\/wp-content\/uploads\/sites\/58\/2026\/02\/wal2.jpeg\" class=\"attachment-full size-full\" alt=\"\" data-no-retina=\"\" srcset=\"https:\/\/przedszkole61.edu.wroclaw.pl\/wp-content\/uploads\/sites\/58\/2026\/02\/wal2.jpeg 1599w, https:\/\/przedszkole61.edu.wroclaw.pl\/wp-content\/uploads\/sites\/58\/2026\/02\/wal2-300x225.jpeg 300w, https:\/\/przedszkole61.edu.wroclaw.pl\/wp-content\/uploads\/sites\/58\/2026\/02\/wal2-1024x768.jpeg 1024w, https:\/\/przedszkole61.edu.wroclaw.pl\/wp-content\/uploads\/sites\/58\/2026\/02\/wal2-768x576.jpeg 768w, https:\/\/przedszkole61.edu.wroclaw.pl\/wp-content\/uploads\/sites\/58\/2026\/02\/wal2-1536x1153.jpeg 1536w\" sizes=\"auto, (max-width: 1599px) 100vw, 1599px\" \/><\/a><\/div><p><\/p><\/div><\/div><div class='col-md-4'><figure tabindex='0' class='pe-gallery-item pe-gallery-modal' data-mfp-src='#modal-gallery-1-39487'><div class='pe-gallery-image portrait'>\r\n\t\t\t\t\t\t\t<img loading=\"lazy\" decoding=\"async\" width=\"225\" height=\"300\" src=\"https:\/\/przedszkole61.edu.wroclaw.pl\/wp-content\/uploads\/sites\/58\/2026\/02\/wal1-225x300.jpeg\" class=\"attachment-medium size-medium\" alt=\"\" data-no-retina=\"\" srcset=\"https:\/\/przedszkole61.edu.wroclaw.pl\/wp-content\/uploads\/sites\/58\/2026\/02\/wal1-225x300.jpeg 225w, https:\/\/przedszkole61.edu.wroclaw.pl\/wp-content\/uploads\/sites\/58\/2026\/02\/wal1-768x1024.jpeg 768w, https:\/\/przedszkole61.edu.wroclaw.pl\/wp-content\/uploads\/sites\/58\/2026\/02\/wal1-1152x1536.jpeg 1152w, https:\/\/przedszkole61.edu.wroclaw.pl\/wp-content\/uploads\/sites\/58\/2026\/02\/wal1.jpeg 1200w\" sizes=\"auto, (max-width: 225px) 100vw, 225px\" \/>\r\n\t\t\t\t\t\t<\/div><\/figure><div id='modal-gallery-1-39487' class='mfp-modal-content mfp-hide' tabindex='-1' role='dialog' aria-labelledby='gallery-1-39487' style='max-width: 1200px;><h4 id='gallery-1-39487'>wal1<\/h4><div class='pe-gallery-full-image'><a href=\"https:\/\/przedszkole61.edu.wroclaw.pl\/wp-content\/uploads\/sites\/58\/2026\/02\/wal1.jpeg\"><img loading=\"lazy\" decoding=\"async\" width=\"1200\" height=\"1600\" src=\"https:\/\/przedszkole61.edu.wroclaw.pl\/wp-content\/uploads\/sites\/58\/2026\/02\/wal1.jpeg\" class=\"attachment-full size-full\" alt=\"\" data-no-retina=\"\" srcset=\"https:\/\/przedszkole61.edu.wroclaw.pl\/wp-content\/uploads\/sites\/58\/2026\/02\/wal1.jpeg 1200w, https:\/\/przedszkole61.edu.wroclaw.pl\/wp-content\/uploads\/sites\/58\/2026\/02\/wal1-225x300.jpeg 225w, https:\/\/przedszkole61.edu.wroclaw.pl\/wp-content\/uploads\/sites\/58\/2026\/02\/wal1-768x1024.jpeg 768w, https:\/\/przedszkole61.edu.wroclaw.pl\/wp-content\/uploads\/sites\/58\/2026\/02\/wal1-1152x1536.jpeg 1152w\" sizes=\"auto, (max-width: 1200px) 100vw, 1200px\" \/><\/a><\/div><p><\/p><\/div><\/div><div class='col-md-4'><figure tabindex='0' class='pe-gallery-item pe-gallery-modal' data-mfp-src='#modal-gallery-1-39490'><div class='pe-gallery-image landscape'>\r\n\t\t\t\t\t\t\t<img loading=\"lazy\" decoding=\"async\" width=\"300\" height=\"225\" src=\"https:\/\/przedszkole61.edu.wroclaw.pl\/wp-content\/uploads\/sites\/58\/2026\/02\/wal4-300x225.jpeg\" class=\"attachment-medium size-medium\" alt=\"\" data-no-retina=\"\" srcset=\"https:\/\/przedszkole61.edu.wroclaw.pl\/wp-content\/uploads\/sites\/58\/2026\/02\/wal4-300x225.jpeg 300w, https:\/\/przedszkole61.edu.wroclaw.pl\/wp-content\/uploads\/sites\/58\/2026\/02\/wal4-1024x768.jpeg 1024w, https:\/\/przedszkole61.edu.wroclaw.pl\/wp-content\/uploads\/sites\/58\/2026\/02\/wal4-768x576.jpeg 768w, https:\/\/przedszkole61.edu.wroclaw.pl\/wp-content\/uploads\/sites\/58\/2026\/02\/wal4-1536x1152.jpeg 1536w, https:\/\/przedszkole61.edu.wroclaw.pl\/wp-content\/uploads\/sites\/58\/2026\/02\/wal4.jpeg 1600w\" sizes=\"auto, (max-width: 300px) 100vw, 300px\" \/>\r\n\t\t\t\t\t\t<\/div><\/figure><div id='modal-gallery-1-39490' class='mfp-modal-content mfp-hide' tabindex='-1' role='dialog' aria-labelledby='gallery-1-39490' style='max-width: 1600px;><h4 id='gallery-1-39490'>wal4<\/h4><div class='pe-gallery-full-image'><a href=\"https:\/\/przedszkole61.edu.wroclaw.pl\/wp-content\/uploads\/sites\/58\/2026\/02\/wal4.jpeg\"><img loading=\"lazy\" decoding=\"async\" width=\"1600\" height=\"1200\" src=\"https:\/\/przedszkole61.edu.wroclaw.pl\/wp-content\/uploads\/sites\/58\/2026\/02\/wal4.jpeg\" class=\"attachment-full size-full\" alt=\"\" data-no-retina=\"\" srcset=\"https:\/\/przedszkole61.edu.wroclaw.pl\/wp-content\/uploads\/sites\/58\/2026\/02\/wal4.jpeg 1600w, https:\/\/przedszkole61.edu.wroclaw.pl\/wp-content\/uploads\/sites\/58\/2026\/02\/wal4-300x225.jpeg 300w, https:\/\/przedszkole61.edu.wroclaw.pl\/wp-content\/uploads\/sites\/58\/2026\/02\/wal4-1024x768.jpeg 1024w, https:\/\/przedszkole61.edu.wroclaw.pl\/wp-content\/uploads\/sites\/58\/2026\/02\/wal4-768x576.jpeg 768w, https:\/\/przedszkole61.edu.wroclaw.pl\/wp-content\/uploads\/sites\/58\/2026\/02\/wal4-1536x1152.jpeg 1536w\" sizes=\"auto, (max-width: 1600px) 100vw, 1600px\" \/><\/a><\/div><p><\/p><\/div><\/div><\/div><\/div>\n\n","protected":false},"excerpt":{"rendered":"<p>23 lutego nasze przedszkole opanowa\u0142 mi\u0142osny kolor czerwony! Zar\u00f3wno dzieci, jak i ca\u0142a kadra przyszli tego dnia w ubraniach z czerwonymi elementami, tworz\u0105c wyj\u0105tkow\u0105, walentynkow\u0105 atmosfer\u0119. Tego dnia nie zabrak\u0142o [&hellip;]<\/p>\n","protected":false},"author":465,"featured_media":39499,"comment_status":"closed","ping_status":"closed","sticky":false,"template":"","format":"standard","meta":{"ngg_post_thumbnail":0,"footnotes":""},"categories":[8],"tags":[],"class_list":["post-39515","post","type-post","status-publish","format-standard","has-post-thumbnail","hentry","category-wydarzenia","clearfix"],"_links":{"self":[{"href":"https:\/\/przedszkole61.edu.wroclaw.pl\/index.php\/wp-json\/wp\/v2\/posts\/39515","targetHints":{"allow":["GET"]}}],"collection":[{"href":"https:\/\/przedszkole61.edu.wroclaw.pl\/index.php\/wp-json\/wp\/v2\/posts"}],"about":[{"href":"https:\/\/przedszkole61.edu.wroclaw.pl\/index.php\/wp-json\/wp\/v2\/types\/post"}],"author":[{"embeddable":true,"href":"https:\/\/przedszkole61.edu.wroclaw.pl\/index.php\/wp-json\/wp\/v2\/users\/465"}],"replies":[{"embeddable":true,"href":"https:\/\/przedszkole61.edu.wroclaw.pl\/index.php\/wp-json\/wp\/v2\/comments?post=39515"}],"version-history":[{"count":2,"href":"https:\/\/przedszkole61.edu.wroclaw.pl\/index.php\/wp-json\/wp\/v2\/posts\/39515\/revisions"}],"predecessor-version":[{"id":39519,"href":"https:\/\/przedszkole61.edu.wroclaw.pl\/index.php\/wp-json\/wp\/v2\/posts\/39515\/revisions\/39519"}],"wp:featuredmedia":[{"embeddable":true,"href":"https:\/\/przedszkole61.edu.wroclaw.pl\/index.php\/wp-json\/wp\/v2\/media\/39499"}],"wp:attachment":[{"href":"https:\/\/przedszkole61.edu.wroclaw.pl\/index.php\/wp-json\/wp\/v2\/media?parent=39515"}],"wp:term":[{"taxonomy":"category","embeddable":true,"href":"https:\/\/przedszkole61.edu.wroclaw.pl\/index.php\/wp-json\/wp\/v2\/categories?post=39515"},{"taxonomy":"post_tag","embeddable":true,"href":"https:\/\/przedszkole61.edu.wroclaw.pl\/index.php\/wp-json\/wp\/v2\/tags?post=39515"}],"curies":[{"name":"wp","href":"https:\/\/api.w.org\/{rel}","templated":true}]}}