
{"id":39908,"date":"2026-04-24T22:21:11","date_gmt":"2026-04-24T20:21:11","guid":{"rendered":"https:\/\/przedszkole61.edu.wroclaw.pl\/?p=39908"},"modified":"2026-04-24T22:38:28","modified_gmt":"2026-04-24T20:38:28","slug":"majowe-swieta-dni-o-ktorych-kazdy-gajowicki-skrzat-pamieta","status":"publish","type":"post","link":"https:\/\/przedszkole61.edu.wroclaw.pl\/index.php\/2026\/04\/24\/majowe-swieta-dni-o-ktorych-kazdy-gajowicki-skrzat-pamieta\/","title":{"rendered":"Majowe \u015awi\u0119ta &#8211; dni, o kt\u00f3rych ka\u017cdy Gajowicki Skrzat pami\u0119ta!"},"content":{"rendered":"<p><strong>30 kwietnia (czwartek) odb\u0119dzie si\u0119 uroczysto\u015b\u0107 z okazji patriotycznych \u015awi\u0105t Majowych. <\/strong><\/p>\n<p><strong>Prosimy, aby w tym dniu dzieci przysz\u0142y do przedszkola ubrane od\u015bwi\u0119tnie. <\/strong><\/p>\n<p><strong>Uroczysto\u015b\u0107 przygotowuj\u0105 dzieci z grupy IV<\/strong><\/p>\n<p>&nbsp;<\/p>\n","protected":false},"excerpt":{"rendered":"<p>30 kwietnia (czwartek) odb\u0119dzie si\u0119 uroczysto\u015b\u0107 z okazji patriotycznych \u015awi\u0105t Majowych. Prosimy, aby w tym dniu dzieci przysz\u0142y do przedszkola ubrane od\u015bwi\u0119tnie. Uroczysto\u015b\u0107 przygotowuj\u0105 dzieci z grupy IV &nbsp;<\/p>\n","protected":false},"author":241,"featured_media":32470,"comment_status":"closed","ping_status":"closed","sticky":false,"template":"","format":"standard","meta":{"ngg_post_thumbnail":0,"footnotes":""},"categories":[1],"tags":[],"class_list":["post-39908","post","type-post","status-publish","format-standard","has-post-thumbnail","hentry","category-aktualnosci","clearfix"],"_links":{"self":[{"href":"https:\/\/przedszkole61.edu.wroclaw.pl\/index.php\/wp-json\/wp\/v2\/posts\/39908","targetHints":{"allow":["GET"]}}],"collection":[{"href":"https:\/\/przedszkole61.edu.wroclaw.pl\/index.php\/wp-json\/wp\/v2\/posts"}],"about":[{"href":"https:\/\/przedszkole61.edu.wroclaw.pl\/index.php\/wp-json\/wp\/v2\/types\/post"}],"author":[{"embeddable":true,"href":"https:\/\/przedszkole61.edu.wroclaw.pl\/index.php\/wp-json\/wp\/v2\/users\/241"}],"replies":[{"embeddable":true,"href":"https:\/\/przedszkole61.edu.wroclaw.pl\/index.php\/wp-json\/wp\/v2\/comments?post=39908"}],"version-history":[{"count":2,"href":"https:\/\/przedszkole61.edu.wroclaw.pl\/index.php\/wp-json\/wp\/v2\/posts\/39908\/revisions"}],"predecessor-version":[{"id":39919,"href":"https:\/\/przedszkole61.edu.wroclaw.pl\/index.php\/wp-json\/wp\/v2\/posts\/39908\/revisions\/39919"}],"wp:featuredmedia":[{"embeddable":true,"href":"https:\/\/przedszkole61.edu.wroclaw.pl\/index.php\/wp-json\/wp\/v2\/media\/32470"}],"wp:attachment":[{"href":"https:\/\/przedszkole61.edu.wroclaw.pl\/index.php\/wp-json\/wp\/v2\/media?parent=39908"}],"wp:term":[{"taxonomy":"category","embeddable":true,"href":"https:\/\/przedszkole61.edu.wroclaw.pl\/index.php\/wp-json\/wp\/v2\/categories?post=39908"},{"taxonomy":"post_tag","embeddable":true,"href":"https:\/\/przedszkole61.edu.wroclaw.pl\/index.php\/wp-json\/wp\/v2\/tags?post=39908"}],"curies":[{"name":"wp","href":"https:\/\/api.w.org\/{rel}","templated":true}]}}