
{"id":40462,"date":"2026-09-01T18:14:31","date_gmt":"2026-09-01T16:14:31","guid":{"rendered":"https:\/\/przedszkole61.edu.wroclaw.pl\/?p=40462"},"modified":"2026-09-01T23:56:19","modified_gmt":"2026-09-01T21:56:19","slug":"witaj-przedszkole","status":"publish","type":"post","link":"https:\/\/przedszkole61.edu.wroclaw.pl\/index.php\/2026\/09\/01\/witaj-przedszkole\/","title":{"rendered":"Witaj Przedszkole!"},"content":{"rendered":"<p><strong>Serdecznie witamy naszych Przedszkolak\u00f3w i Ich Rodzic\u00f3w po wakacyjnej przerwie. Przed nami rok pe\u0142en przyg\u00f3d, niespodzianek, zabawy i wsp\u00f3lnych radosnych chwil. \u017byczymy Dzieciom samych niezapomnianych chwil sp\u0119dzonych w naszym przedszkolu.<\/strong><\/p>\n","protected":false},"excerpt":{"rendered":"<p>Serdecznie witamy naszych Przedszkolak\u00f3w i Ich Rodzic\u00f3w po wakacyjnej przerwie. Przed nami rok pe\u0142en przyg\u00f3d, niespodzianek, zabawy i wsp\u00f3lnych radosnych chwil. \u017byczymy Dzieciom samych niezapomnianych chwil sp\u0119dzonych w naszym przedszkolu.<\/p>\n","protected":false},"author":241,"featured_media":40269,"comment_status":"closed","ping_status":"closed","sticky":false,"template":"","format":"standard","meta":{"ngg_post_thumbnail":0,"footnotes":""},"categories":[1],"tags":[],"class_list":["post-40462","post","type-post","status-publish","format-standard","has-post-thumbnail","hentry","category-aktualnosci","clearfix"],"_links":{"self":[{"href":"https:\/\/przedszkole61.edu.wroclaw.pl\/index.php\/wp-json\/wp\/v2\/posts\/40462","targetHints":{"allow":["GET"]}}],"collection":[{"href":"https:\/\/przedszkole61.edu.wroclaw.pl\/index.php\/wp-json\/wp\/v2\/posts"}],"about":[{"href":"https:\/\/przedszkole61.edu.wroclaw.pl\/index.php\/wp-json\/wp\/v2\/types\/post"}],"author":[{"embeddable":true,"href":"https:\/\/przedszkole61.edu.wroclaw.pl\/index.php\/wp-json\/wp\/v2\/users\/241"}],"replies":[{"embeddable":true,"href":"https:\/\/przedszkole61.edu.wroclaw.pl\/index.php\/wp-json\/wp\/v2\/comments?post=40462"}],"version-history":[{"count":2,"href":"https:\/\/przedszkole61.edu.wroclaw.pl\/index.php\/wp-json\/wp\/v2\/posts\/40462\/revisions"}],"predecessor-version":[{"id":40464,"href":"https:\/\/przedszkole61.edu.wroclaw.pl\/index.php\/wp-json\/wp\/v2\/posts\/40462\/revisions\/40464"}],"wp:featuredmedia":[{"embeddable":true,"href":"https:\/\/przedszkole61.edu.wroclaw.pl\/index.php\/wp-json\/wp\/v2\/media\/40269"}],"wp:attachment":[{"href":"https:\/\/przedszkole61.edu.wroclaw.pl\/index.php\/wp-json\/wp\/v2\/media?parent=40462"}],"wp:term":[{"taxonomy":"category","embeddable":true,"href":"https:\/\/przedszkole61.edu.wroclaw.pl\/index.php\/wp-json\/wp\/v2\/categories?post=40462"},{"taxonomy":"post_tag","embeddable":true,"href":"https:\/\/przedszkole61.edu.wroclaw.pl\/index.php\/wp-json\/wp\/v2\/tags?post=40462"}],"curies":[{"name":"wp","href":"https:\/\/api.w.org\/{rel}","templated":true}]}}