
{"id":57,"date":"2021-03-17T11:28:21","date_gmt":"2021-03-17T10:28:21","guid":{"rendered":"https:\/\/przedszkole61.edu.wroclaw.pl\/?p=57"},"modified":"2021-03-17T11:28:22","modified_gmt":"2021-03-17T10:28:22","slug":"przedszkolny-chor-gajowickie-skrzaty-powraca","status":"publish","type":"post","link":"https:\/\/przedszkole61.edu.wroclaw.pl\/index.php\/2021\/03\/17\/przedszkolny-chor-gajowickie-skrzaty-powraca\/","title":{"rendered":"Przedszkolny ch\u00f3r \u201eGajowickie Skrzaty\u201d \u2013 powraca!"},"content":{"rendered":"\n<p><strong>Drodzy Rodzice<\/strong><\/p>\n\n\n\n<p><strong>u La La La &#8211;&nbsp; ch\u00f3r powraca<\/strong><\/p>\n\n\n\n<p><strong>Zaczynamy 17. 09. 2020 r.<\/strong><\/p>\n\n\n\n<p><strong>Zaj\u0119cia raz w&nbsp;tygodniu w czwartek:<\/strong><\/p>\n\n\n\n<ul class=\"wp-block-list\"><li>II grupa \u2013 9.00-9.15<\/li><li>III grupa \u2013 9.15-9.30<\/li><li>IV grupa \u2013 9.30-9.45<\/li><li>V grupa \u2013 9.45-10.00<\/li><\/ul>\n\n\n\n<p>Rodzice, kt\u00f3rzy zapisali dziecko. nie musz\u0105 zapisywa\u0107 ponownie.<\/p>\n\n\n\n<p>Rodzice dzieci, kt\u00f3rzy chc\u0105 aby dziecko ucz\u0119szcza\u0142o&nbsp;na zaj\u0119cia ch\u00f3ru wype\u0142niaj\u0105 deklaracj\u0119.<\/p>\n\n\n\n<p>Deklaracje dost\u0119pne w szatni u dy\u017curuj\u0105cego pracownika przedszkola od&nbsp;16.09. 2020 r. od godz. 7.30<\/p>\n","protected":false},"excerpt":{"rendered":"<p>Drodzy Rodzice u La La La &#8211;&nbsp; ch\u00f3r powraca Zaczynamy 17. 09. 2020 r. Zaj\u0119cia raz w&nbsp;tygodniu w czwartek: II grupa \u2013 9.00-9.15 III grupa \u2013 9.15-9.30 IV grupa \u2013 [&hellip;]<\/p>\n","protected":false},"author":15,"featured_media":58,"comment_status":"closed","ping_status":"closed","sticky":false,"template":"","format":"standard","meta":{"ngg_post_thumbnail":0,"footnotes":""},"categories":[1],"tags":[],"class_list":["post-57","post","type-post","status-publish","format-standard","has-post-thumbnail","hentry","category-aktualnosci","clearfix"],"_links":{"self":[{"href":"https:\/\/przedszkole61.edu.wroclaw.pl\/index.php\/wp-json\/wp\/v2\/posts\/57","targetHints":{"allow":["GET"]}}],"collection":[{"href":"https:\/\/przedszkole61.edu.wroclaw.pl\/index.php\/wp-json\/wp\/v2\/posts"}],"about":[{"href":"https:\/\/przedszkole61.edu.wroclaw.pl\/index.php\/wp-json\/wp\/v2\/types\/post"}],"author":[{"embeddable":true,"href":"https:\/\/przedszkole61.edu.wroclaw.pl\/index.php\/wp-json\/wp\/v2\/users\/15"}],"replies":[{"embeddable":true,"href":"https:\/\/przedszkole61.edu.wroclaw.pl\/index.php\/wp-json\/wp\/v2\/comments?post=57"}],"version-history":[{"count":1,"href":"https:\/\/przedszkole61.edu.wroclaw.pl\/index.php\/wp-json\/wp\/v2\/posts\/57\/revisions"}],"predecessor-version":[{"id":59,"href":"https:\/\/przedszkole61.edu.wroclaw.pl\/index.php\/wp-json\/wp\/v2\/posts\/57\/revisions\/59"}],"wp:featuredmedia":[{"embeddable":true,"href":"https:\/\/przedszkole61.edu.wroclaw.pl\/index.php\/wp-json\/wp\/v2\/media\/58"}],"wp:attachment":[{"href":"https:\/\/przedszkole61.edu.wroclaw.pl\/index.php\/wp-json\/wp\/v2\/media?parent=57"}],"wp:term":[{"taxonomy":"category","embeddable":true,"href":"https:\/\/przedszkole61.edu.wroclaw.pl\/index.php\/wp-json\/wp\/v2\/categories?post=57"},{"taxonomy":"post_tag","embeddable":true,"href":"https:\/\/przedszkole61.edu.wroclaw.pl\/index.php\/wp-json\/wp\/v2\/tags?post=57"}],"curies":[{"name":"wp","href":"https:\/\/api.w.org\/{rel}","templated":true}]}}