
{"id":66,"date":"2021-03-17T11:40:10","date_gmt":"2021-03-17T10:40:10","guid":{"rendered":"https:\/\/przedszkole61.edu.wroclaw.pl\/?p=66"},"modified":"2021-03-17T11:40:11","modified_gmt":"2021-03-17T10:40:11","slug":"nowy-zakup-sponsorowany-przez-rade-rodzicow","status":"publish","type":"post","link":"https:\/\/przedszkole61.edu.wroclaw.pl\/index.php\/2021\/03\/17\/nowy-zakup-sponsorowany-przez-rade-rodzicow\/","title":{"rendered":"Nowy zakup sponsorowany przez Rad\u0119 Rodzic\u00f3w"},"content":{"rendered":"\n<p><strong>Prezentacja nowego zakupu sponsorowanego przez Rad\u0119 Rodzic\u00f3w:<\/strong><\/p>\n\n\n\n<p><strong>Ozonek &nbsp;Skrzaci\u0144ski &nbsp;\/tak nazwali\u015bmy ozonator zakupiony przez Rad\u0119 Rodzic\u00f3w\/ w czasie zawieszenia zaj\u0119\u0107 &nbsp;w przedszkolu pracowa\u0142 na pe\u0142nych obrotach \u2013 zdezynfekowa\u0142 wszystkie pomieszczenia w przedszkolu.<\/strong><\/p>\n\n\n\n<p><strong>Mo\u017cliwo\u015bci \u00a0Ozonka \u00a0Skrzaci\u0144skiego<\/strong>\u00a0 <a href=\"https:\/\/przedszkole61.edu.wroclaw.pl\/wp-content\/uploads\/sites\/58\/2021\/03\/ozonator.docx\" data-type=\"URL\" data-id=\"https:\/\/przedszkole61.edu.wroclaw.pl\/wp-content\/uploads\/sites\/58\/2021\/03\/ozonator.docx\">ozonator<\/a>.docx<\/p>\n\n\n\n\n\n<p><\/p>\n","protected":false},"excerpt":{"rendered":"<p>Prezentacja nowego zakupu sponsorowanego przez Rad\u0119 Rodzic\u00f3w: Ozonek &nbsp;Skrzaci\u0144ski &nbsp;\/tak nazwali\u015bmy ozonator zakupiony przez Rad\u0119 Rodzic\u00f3w\/ w czasie zawieszenia zaj\u0119\u0107 &nbsp;w przedszkolu pracowa\u0142 na pe\u0142nych obrotach \u2013 zdezynfekowa\u0142 wszystkie pomieszczenia [&hellip;]<\/p>\n","protected":false},"author":15,"featured_media":67,"comment_status":"closed","ping_status":"closed","sticky":false,"template":"","format":"standard","meta":{"ngg_post_thumbnail":0,"footnotes":""},"categories":[1],"tags":[],"class_list":["post-66","post","type-post","status-publish","format-standard","has-post-thumbnail","hentry","category-aktualnosci","clearfix"],"_links":{"self":[{"href":"https:\/\/przedszkole61.edu.wroclaw.pl\/index.php\/wp-json\/wp\/v2\/posts\/66","targetHints":{"allow":["GET"]}}],"collection":[{"href":"https:\/\/przedszkole61.edu.wroclaw.pl\/index.php\/wp-json\/wp\/v2\/posts"}],"about":[{"href":"https:\/\/przedszkole61.edu.wroclaw.pl\/index.php\/wp-json\/wp\/v2\/types\/post"}],"author":[{"embeddable":true,"href":"https:\/\/przedszkole61.edu.wroclaw.pl\/index.php\/wp-json\/wp\/v2\/users\/15"}],"replies":[{"embeddable":true,"href":"https:\/\/przedszkole61.edu.wroclaw.pl\/index.php\/wp-json\/wp\/v2\/comments?post=66"}],"version-history":[{"count":1,"href":"https:\/\/przedszkole61.edu.wroclaw.pl\/index.php\/wp-json\/wp\/v2\/posts\/66\/revisions"}],"predecessor-version":[{"id":69,"href":"https:\/\/przedszkole61.edu.wroclaw.pl\/index.php\/wp-json\/wp\/v2\/posts\/66\/revisions\/69"}],"wp:featuredmedia":[{"embeddable":true,"href":"https:\/\/przedszkole61.edu.wroclaw.pl\/index.php\/wp-json\/wp\/v2\/media\/67"}],"wp:attachment":[{"href":"https:\/\/przedszkole61.edu.wroclaw.pl\/index.php\/wp-json\/wp\/v2\/media?parent=66"}],"wp:term":[{"taxonomy":"category","embeddable":true,"href":"https:\/\/przedszkole61.edu.wroclaw.pl\/index.php\/wp-json\/wp\/v2\/categories?post=66"},{"taxonomy":"post_tag","embeddable":true,"href":"https:\/\/przedszkole61.edu.wroclaw.pl\/index.php\/wp-json\/wp\/v2\/tags?post=66"}],"curies":[{"name":"wp","href":"https:\/\/api.w.org\/{rel}","templated":true}]}}